{"id":977,"date":"2014-07-16T00:02:20","date_gmt":"2014-07-15T23:02:20","guid":{"rendered":"http:\/\/trail.camadeira.com\/?p=977"},"modified":"2014-07-16T00:44:11","modified_gmt":"2014-07-15T23:44:11","slug":"trailers-do-clube-aventura-da-madeira-em-destaque-no-iii-trail-do-ludens-machico","status":"publish","type":"post","link":"http:\/\/trail.camadeira.com\/?p=977","title":{"rendered":"Trailers do Clube Aventura da Madeira em destaque no III Trail do Ludens Machico &#8211; 13 julho 2014"},"content":{"rendered":"<p><strong>Marco Silva, Ol\u00edvia Sousa e Nadia Meroni no p\u00f3dio da prova principal<\/strong><\/p>\n<p><a href=\"http:\/\/trail.camadeira.com\/wp-content\/uploads\/2014\/07\/10507096_735547789817778_3281056019134861899_o.jpg\"><img loading=\"lazy\" class=\"aligncenter  wp-image-981\" src=\"http:\/\/trail.camadeira.com\/wp-content\/uploads\/2014\/07\/10369095_735554116483812_6353849273340480105_o-1024x680.jpg\" alt=\"10369095_735554116483812_6353849273340480105_o\" width=\"661\" height=\"439\" srcset=\"http:\/\/trail.camadeira.com\/wp-content\/uploads\/2014\/07\/10369095_735554116483812_6353849273340480105_o-1024x680.jpg 1024w, http:\/\/trail.camadeira.com\/wp-content\/uploads\/2014\/07\/10369095_735554116483812_6353849273340480105_o-300x199.jpg 300w, http:\/\/trail.camadeira.com\/wp-content\/uploads\/2014\/07\/10369095_735554116483812_6353849273340480105_o.jpg 1626w\" sizes=\"(max-width: 661px) 100vw, 661px\" \/><img loading=\"lazy\" class=\"aligncenter  wp-image-979\" src=\"http:\/\/trail.camadeira.com\/wp-content\/uploads\/2014\/07\/10507096_735547789817778_3281056019134861899_o-1024x680.jpg\" alt=\"10507096_735547789817778_3281056019134861899_o\" width=\"671\" height=\"445\" srcset=\"http:\/\/trail.camadeira.com\/wp-content\/uploads\/2014\/07\/10507096_735547789817778_3281056019134861899_o-1024x680.jpg 1024w, http:\/\/trail.camadeira.com\/wp-content\/uploads\/2014\/07\/10507096_735547789817778_3281056019134861899_o-300x199.jpg 300w, http:\/\/trail.camadeira.com\/wp-content\/uploads\/2014\/07\/10507096_735547789817778_3281056019134861899_o.jpg 1626w\" sizes=\"(max-width: 671px) 100vw, 671px\" \/><\/a><\/p>\n<p>&nbsp;<\/p>\n<p>As organiza\u00e7\u00f5es do Circuito de Trail Running Madeira 2014 prosseguem com uma excelente participa\u00e7\u00e3o de atletas. No passado Domingo,13 julho, coube ao Ludens Clube de Machico organizar a III edi\u00e7\u00e3o do Trail em Machico, com 227 atletas \u00e0 partida e duas dist\u00e2ncias em disputa, o Trail Longo MDC 36km 1850m D+ e o Trail Ludens de Machico 18km 800m D+.<\/p>\n<p>Os trailers do Clube Aventura da Madeira tiveram em grande destaque na prova principal, em especial Marco Silva que na estreia a representar o Clube, obteve um excelente 2.\u00ba lugar absoluto, a mesma posi\u00e7\u00e3o no escal\u00e3o Seniores Masculinos. Jo\u00e3o Nunes esteve muito pr\u00f3ximo do p\u00f3dio, terminando na 4.\u00aa posi\u00e7\u00e3o.<\/p>\n<p>Ol\u00edvia Sousa esteve em grande, com a vit\u00f3ria absoluta no setor feminino, acumulando a vit\u00f3ria no escal\u00e3o Seniores Femininos. A n\u00edvel absoluto foi 32.\u00aa entre os 71 atletas presentes. Nadia Meroni subiu ao p\u00f3dio na terceira posi\u00e7\u00e3o da geral feminina e 1.\u00aa no escal\u00e3o F40, resultado de uma presta\u00e7\u00e3o segura ao longo de toda a prova.<\/p>\n<p>Na disputa por escal\u00e3o, Jos\u00e9 Nunes conseguiu a 3.\u00aa posi\u00e7\u00e3o no escal\u00e3o M50 e Ricardo Quintal foi 1.\u00ba no Sub23.<\/p>\n<p>Clube Aventura da Madeira obt\u00e9m mais uma vit\u00f3ria coletiva no setor feminino, classificando uma equipa na prova principal, com as excelentes presta\u00e7\u00f5es de Ol\u00edvia Sousa, Nadia Meroni e L\u00facia Franco. Nos Masculinos, Marco Silva, Jo\u00e3o Nunes e Ricardo Quintal completaram a equipa masculina que obteve um excelente 2.\u00ba lugar coletivo, com o tempo total de 14:05:59.<\/p>\n<p>&nbsp;<\/p>\n<table width=\"610\">\n<tbody>\n<tr>\n<td width=\"50\"><\/td>\n<td width=\"56\"><strong>Peitoral<\/strong><\/td>\n<td width=\"207\"><strong>Atleta<\/strong><\/td>\n<td width=\"104\"><strong>Equipa<\/strong><\/td>\n<td width=\"130\"><strong>Escal\u00e3o<\/strong><\/td>\n<td width=\"64\"><strong>Tempo<\/strong><\/td>\n<\/tr>\n<tr>\n<td width=\"50\"><strong>2<\/strong><\/td>\n<td width=\"56\">323<\/td>\n<td width=\"207\">Marco Paulo Gemelgo Silva<\/td>\n<td width=\"104\">CLUBE AVENTURA DA MADEIRA<\/td>\n<td width=\"130\">SEN M<\/td>\n<td width=\"64\">04:24:13<\/td>\n<\/tr>\n<tr>\n<td width=\"50\"><strong>4<\/strong><\/td>\n<td width=\"56\">373<\/td>\n<td width=\"207\">Jo\u00e3o Miguel Gouveia Nunes<\/td>\n<td width=\"104\">CLUBE AVENTURA DA MADEIRA<\/td>\n<td width=\"130\">SEN M<\/td>\n<td width=\"64\">04:36:53<\/td>\n<\/tr>\n<tr>\n<td width=\"50\"><strong>17<\/strong><\/td>\n<td width=\"56\">326<\/td>\n<td width=\"207\">Ricardo Nuno Gon\u00e7alves Quintal<\/td>\n<td width=\"104\">CLUBE AVENTURA DA MADEIRA<\/td>\n<td width=\"130\">SUB 23 M<\/td>\n<td width=\"64\">05:04:53<\/td>\n<\/tr>\n<tr>\n<td width=\"50\"><strong>20<\/strong><\/td>\n<td width=\"56\">319<\/td>\n<td width=\"207\">Jos\u00e9 David Figueira Henriques<\/td>\n<td width=\"104\">CLUBE AVENTURA DA MADEIRA<\/td>\n<td width=\"130\">SEN M<\/td>\n<td width=\"64\">05:10:21<\/td>\n<\/tr>\n<tr>\n<td width=\"50\"><strong>23<\/strong><\/td>\n<td width=\"56\">311<\/td>\n<td width=\"207\">Humberto Jos\u00e9 de Lima Barros<\/td>\n<td width=\"104\">CLUBE AVENTURA DA MADEIRA<\/td>\n<td width=\"130\">SEN M<\/td>\n<td width=\"64\">05:15:50<\/td>\n<\/tr>\n<tr>\n<td width=\"50\"><strong>32<\/strong><\/td>\n<td width=\"56\">340<\/td>\n<td width=\"207\">Ol\u00edvia de Sousa<\/td>\n<td width=\"104\">CLUBE AVENTURA DA MADEIRA<\/td>\n<td width=\"130\">SEN F<\/td>\n<td width=\"64\">05:37:44<\/td>\n<\/tr>\n<tr>\n<td width=\"50\"><strong>44<\/strong><\/td>\n<td width=\"56\">346<\/td>\n<td width=\"207\">Jos\u00e9 Ant\u00f3nio de Jesus Nunes<\/td>\n<td width=\"104\">CLUBE AVENTURA DA MADEIRA<\/td>\n<td width=\"130\">M50<\/td>\n<td width=\"64\">06:07:26<\/td>\n<\/tr>\n<tr>\n<td width=\"50\"><strong>55<\/strong><\/td>\n<td width=\"56\">352<\/td>\n<td width=\"207\">Nadia Meroni<\/td>\n<td width=\"104\">CLUBE AVENTURA DA MADEIRA<\/td>\n<td width=\"130\">F40<\/td>\n<td width=\"64\">06:30:42<\/td>\n<\/tr>\n<tr>\n<td width=\"50\"><strong>65<\/strong><\/td>\n<td width=\"56\">379<\/td>\n<td width=\"207\">L\u00facia Franco<\/td>\n<td width=\"104\">CLUBE AVENTURA DA MADEIRA<\/td>\n<td width=\"130\">SEN F<\/td>\n<td width=\"64\">07:02:25<\/td>\n<\/tr>\n<\/tbody>\n<\/table>\n<p><strong>\u00a0<\/strong><\/p>\n<p>No III Trail Ludens de Machico, com 18km, Orlando Cardoso e Marco Sousa foram os representantes do Clube Aventura da Madeira, com Orlando a subir ao p\u00f3dio na 3.\u00aa posi\u00e7\u00e3o do escal\u00e3o M50.<\/p>\n<p><a href=\"http:\/\/trail.camadeira.com\/wp-content\/uploads\/2014\/07\/906618_708517399220417_2267566058917402328_o.jpg\"><img loading=\"lazy\" class=\"aligncenter  wp-image-985\" src=\"http:\/\/trail.camadeira.com\/wp-content\/uploads\/2014\/07\/906618_708517399220417_2267566058917402328_o-1024x683.jpg\" alt=\"906618_708517399220417_2267566058917402328_o\" width=\"723\" height=\"482\" srcset=\"http:\/\/trail.camadeira.com\/wp-content\/uploads\/2014\/07\/906618_708517399220417_2267566058917402328_o-1024x683.jpg 1024w, http:\/\/trail.camadeira.com\/wp-content\/uploads\/2014\/07\/906618_708517399220417_2267566058917402328_o-300x200.jpg 300w, http:\/\/trail.camadeira.com\/wp-content\/uploads\/2014\/07\/906618_708517399220417_2267566058917402328_o.jpg 2048w\" sizes=\"(max-width: 723px) 100vw, 723px\" \/><\/a><\/p>\n<p>Orlando Cardoso &#8211; Foto captada por Ivan Roxo<\/p>\n<p>&nbsp;<\/p>\n<table width=\"579\">\n<tbody>\n<tr>\n<td width=\"50\"><\/td>\n<td width=\"64\"><strong>Peitoral<\/strong><\/td>\n<td width=\"199\"><strong>Atleta<\/strong><\/td>\n<td width=\"142\"><strong>Equipa<\/strong><\/td>\n<td width=\"61\"><strong>Escal\u00e3o<\/strong><\/td>\n<td width=\"64\"><strong>Tempo<\/strong><\/td>\n<\/tr>\n<tr>\n<td width=\"50\"><strong>19<\/strong><\/td>\n<td width=\"64\">95<\/td>\n<td width=\"199\">Orlando Pontes Cardoso<\/td>\n<td width=\"142\">CLUBE AVENTURA DA MADEIRA<\/td>\n<td width=\"61\">M50<\/td>\n<td width=\"64\">02:19:25<\/td>\n<\/tr>\n<tr>\n<td width=\"50\"><strong>94<\/strong><\/td>\n<td width=\"64\">111<\/td>\n<td width=\"199\">Marco Paulo \u00c1vila F\u00e9lix de Sousa<\/td>\n<td width=\"142\">CLUBE AVENTURA DA MADEIRA<\/td>\n<td width=\"61\">SEN M<\/td>\n<td width=\"64\">03:07:41<\/td>\n<\/tr>\n<\/tbody>\n<\/table>\n<p>&nbsp;<\/p>\n\n\t\t<style type=\"text\/css\">\n\t\t\t#gallery-1 {\n\t\t\t\tmargin: auto;\n\t\t\t}\n\t\t\t#gallery-1 .gallery-item {\n\t\t\t\tfloat: left;\n\t\t\t\tmargin-top: 10px;\n\t\t\t\ttext-align: center;\n\t\t\t\twidth: 33%;\n\t\t\t}\n\t\t\t#gallery-1 img {\n\t\t\t\tborder: 2px solid #cfcfcf;\n\t\t\t}\n\t\t\t#gallery-1 .gallery-caption {\n\t\t\t\tmargin-left: 0;\n\t\t\t}\n\t\t\t\/* see gallery_shortcode() in wp-includes\/media.php *\/\n\t\t<\/style>\n\t\t<div id='gallery-1' class='gallery galleryid-977 gallery-columns-3 gallery-size-thumbnail'><dl class='gallery-item'>\n\t\t\t<dt class='gallery-icon landscape'>\n\t\t\t\t<a href='http:\/\/trail.camadeira.com\/?attachment_id=988'><img width=\"150\" height=\"150\" src=\"http:\/\/trail.camadeira.com\/wp-content\/uploads\/2014\/07\/887299_735548746484349_4138227958418948703_o-150x150.jpg\" class=\"attachment-thumbnail size-thumbnail\" alt=\"\" loading=\"lazy\" \/><\/a>\n\t\t\t<\/dt><\/dl><dl class='gallery-item'>\n\t\t\t<dt class='gallery-icon landscape'>\n\t\t\t\t<a href='http:\/\/trail.camadeira.com\/?attachment_id=989'><img width=\"150\" height=\"150\" src=\"http:\/\/trail.camadeira.com\/wp-content\/uploads\/2014\/07\/905834_735550893150801_2346559840538195594_o-150x150.jpg\" class=\"attachment-thumbnail size-thumbnail\" alt=\"\" loading=\"lazy\" \/><\/a>\n\t\t\t<\/dt><\/dl><dl class='gallery-item'>\n\t\t\t<dt class='gallery-icon landscape'>\n\t\t\t\t<a href='http:\/\/trail.camadeira.com\/?attachment_id=990'><img width=\"150\" height=\"150\" src=\"http:\/\/trail.camadeira.com\/wp-content\/uploads\/2014\/07\/906618_708517399220417_2267566058917402328_o1-150x150.jpg\" class=\"attachment-thumbnail size-thumbnail\" alt=\"\" loading=\"lazy\" \/><\/a>\n\t\t\t<\/dt><\/dl><br style=\"clear: both\" \/><dl class='gallery-item'>\n\t\t\t<dt class='gallery-icon landscape'>\n\t\t\t\t<a href='http:\/\/trail.camadeira.com\/?attachment_id=991'><img width=\"150\" height=\"150\" src=\"http:\/\/trail.camadeira.com\/wp-content\/uploads\/2014\/07\/1556335_708515329220624_6327681424650095216_o-150x150.jpg\" class=\"attachment-thumbnail size-thumbnail\" alt=\"\" loading=\"lazy\" \/><\/a>\n\t\t\t<\/dt><\/dl><dl class='gallery-item'>\n\t\t\t<dt class='gallery-icon landscape'>\n\t\t\t\t<a href='http:\/\/trail.camadeira.com\/?attachment_id=992'><img width=\"150\" height=\"150\" src=\"http:\/\/trail.camadeira.com\/wp-content\/uploads\/2014\/07\/1655713_735554453150445_2743161536034007098_o-150x150.jpg\" class=\"attachment-thumbnail size-thumbnail\" alt=\"\" loading=\"lazy\" \/><\/a>\n\t\t\t<\/dt><\/dl><dl class='gallery-item'>\n\t\t\t<dt class='gallery-icon landscape'>\n\t\t\t\t<a href='http:\/\/trail.camadeira.com\/?attachment_id=993'><img width=\"150\" height=\"150\" src=\"http:\/\/trail.camadeira.com\/wp-content\/uploads\/2014\/07\/1655769_708514692554021_2620092537706878492_o-150x150.jpg\" class=\"attachment-thumbnail size-thumbnail\" alt=\"\" loading=\"lazy\" \/><\/a>\n\t\t\t<\/dt><\/dl><br style=\"clear: both\" \/><dl class='gallery-item'>\n\t\t\t<dt class='gallery-icon portrait'>\n\t\t\t\t<a href='http:\/\/trail.camadeira.com\/?attachment_id=994'><img width=\"150\" height=\"150\" src=\"http:\/\/trail.camadeira.com\/wp-content\/uploads\/2014\/07\/1907377_708521979219959_3319878774494749225_n-150x150.jpg\" class=\"attachment-thumbnail size-thumbnail\" alt=\"\" loading=\"lazy\" \/><\/a>\n\t\t\t<\/dt><\/dl><dl class='gallery-item'>\n\t\t\t<dt class='gallery-icon landscape'>\n\t\t\t\t<a href='http:\/\/trail.camadeira.com\/?attachment_id=995'><img width=\"150\" height=\"150\" src=\"http:\/\/trail.camadeira.com\/wp-content\/uploads\/2014\/07\/1909435_735549673150923_1976184660005980798_o-150x150.jpg\" class=\"attachment-thumbnail size-thumbnail\" alt=\"\" loading=\"lazy\" \/><\/a>\n\t\t\t<\/dt><\/dl><dl class='gallery-item'>\n\t\t\t<dt class='gallery-icon landscape'>\n\t\t\t\t<a href='http:\/\/trail.camadeira.com\/?attachment_id=996'><img width=\"150\" height=\"150\" src=\"http:\/\/trail.camadeira.com\/wp-content\/uploads\/2014\/07\/1926000_735552236484000_8469511551797987742_o-150x150.jpg\" class=\"attachment-thumbnail size-thumbnail\" alt=\"\" loading=\"lazy\" \/><\/a>\n\t\t\t<\/dt><\/dl><br style=\"clear: both\" \/><dl class='gallery-item'>\n\t\t\t<dt class='gallery-icon portrait'>\n\t\t\t\t<a href='http:\/\/trail.camadeira.com\/?attachment_id=997'><img width=\"150\" height=\"150\" src=\"http:\/\/trail.camadeira.com\/wp-content\/uploads\/2014\/07\/10245433_10152083348732337_8388736886926440432_n-150x150.jpg\" class=\"attachment-thumbnail size-thumbnail\" alt=\"\" loading=\"lazy\" \/><\/a>\n\t\t\t<\/dt><\/dl><dl class='gallery-item'>\n\t\t\t<dt class='gallery-icon landscape'>\n\t\t\t\t<a href='http:\/\/trail.camadeira.com\/?attachment_id=998'><img width=\"150\" height=\"150\" src=\"http:\/\/trail.camadeira.com\/wp-content\/uploads\/2014\/07\/10250250_10152006940817337_269273848657192126_n-1-150x150.jpg\" class=\"attachment-thumbnail size-thumbnail\" alt=\"\" loading=\"lazy\" \/><\/a>\n\t\t\t<\/dt><\/dl><dl class='gallery-item'>\n\t\t\t<dt class='gallery-icon landscape'>\n\t\t\t\t<a href='http:\/\/trail.camadeira.com\/?attachment_id=999'><img width=\"150\" height=\"150\" src=\"http:\/\/trail.camadeira.com\/wp-content\/uploads\/2014\/07\/10258318_708515089220648_1128234429718744558_o-150x150.jpg\" class=\"attachment-thumbnail size-thumbnail\" alt=\"\" loading=\"lazy\" \/><\/a>\n\t\t\t<\/dt><\/dl><br style=\"clear: both\" \/><dl class='gallery-item'>\n\t\t\t<dt class='gallery-icon landscape'>\n\t\t\t\t<a href='http:\/\/trail.camadeira.com\/?attachment_id=1000'><img width=\"150\" height=\"150\" src=\"http:\/\/trail.camadeira.com\/wp-content\/uploads\/2014\/07\/10317622_708521842553306_3855777164274096805_o-150x150.jpg\" class=\"attachment-thumbnail size-thumbnail\" alt=\"\" loading=\"lazy\" \/><\/a>\n\t\t\t<\/dt><\/dl><dl class='gallery-item'>\n\t\t\t<dt class='gallery-icon landscape'>\n\t\t\t\t<a href='http:\/\/trail.camadeira.com\/?attachment_id=1001'><img width=\"150\" height=\"150\" src=\"http:\/\/trail.camadeira.com\/wp-content\/uploads\/2014\/07\/10369095_735554116483812_6353849273340480105_o1-150x150.jpg\" class=\"attachment-thumbnail size-thumbnail\" alt=\"\" loading=\"lazy\" \/><\/a>\n\t\t\t<\/dt><\/dl><dl class='gallery-item'>\n\t\t\t<dt class='gallery-icon portrait'>\n\t\t\t\t<a href='http:\/\/trail.camadeira.com\/?attachment_id=1002'><img width=\"150\" height=\"150\" src=\"http:\/\/trail.camadeira.com\/wp-content\/uploads\/2014\/07\/10377440_735552139817343_6059383907625034815_n-150x150.jpg\" class=\"attachment-thumbnail size-thumbnail\" alt=\"\" loading=\"lazy\" \/><\/a>\n\t\t\t<\/dt><\/dl><br style=\"clear: both\" \/><dl class='gallery-item'>\n\t\t\t<dt class='gallery-icon landscape'>\n\t\t\t\t<a href='http:\/\/trail.camadeira.com\/?attachment_id=1003'><img width=\"150\" height=\"150\" src=\"http:\/\/trail.camadeira.com\/wp-content\/uploads\/2014\/07\/10379570_708522065886617_8463805116137316784_o-150x150.jpg\" class=\"attachment-thumbnail size-thumbnail\" alt=\"\" loading=\"lazy\" \/><\/a>\n\t\t\t<\/dt><\/dl><dl class='gallery-item'>\n\t\t\t<dt class='gallery-icon landscape'>\n\t\t\t\t<a href='http:\/\/trail.camadeira.com\/?attachment_id=1004'><img width=\"150\" height=\"150\" src=\"http:\/\/trail.camadeira.com\/wp-content\/uploads\/2014\/07\/10383862_735554146483809_3449418273303526559_o-150x150.jpg\" class=\"attachment-thumbnail size-thumbnail\" alt=\"\" loading=\"lazy\" \/><\/a>\n\t\t\t<\/dt><\/dl><dl class='gallery-item'>\n\t\t\t<dt class='gallery-icon landscape'>\n\t\t\t\t<a href='http:\/\/trail.camadeira.com\/?attachment_id=1005'><img width=\"150\" height=\"150\" src=\"http:\/\/trail.camadeira.com\/wp-content\/uploads\/2014\/07\/10431149_708521575886666_1563065876337740057_o-150x150.jpg\" class=\"attachment-thumbnail size-thumbnail\" alt=\"\" loading=\"lazy\" \/><\/a>\n\t\t\t<\/dt><\/dl><br style=\"clear: both\" \/><dl class='gallery-item'>\n\t\t\t<dt class='gallery-icon landscape'>\n\t\t\t\t<a href='http:\/\/trail.camadeira.com\/?attachment_id=1006'><img width=\"150\" height=\"150\" src=\"http:\/\/trail.camadeira.com\/wp-content\/uploads\/2014\/07\/10471329_735553803150510_4072544826022987766_o-150x150.jpg\" class=\"attachment-thumbnail size-thumbnail\" alt=\"\" loading=\"lazy\" \/><\/a>\n\t\t\t<\/dt><\/dl><dl class='gallery-item'>\n\t\t\t<dt class='gallery-icon portrait'>\n\t\t\t\t<a href='http:\/\/trail.camadeira.com\/?attachment_id=1007'><img width=\"150\" height=\"150\" src=\"http:\/\/trail.camadeira.com\/wp-content\/uploads\/2014\/07\/10481704_708522185886605_6688520335358313924_n-150x150.jpg\" class=\"attachment-thumbnail size-thumbnail\" alt=\"\" loading=\"lazy\" \/><\/a>\n\t\t\t<\/dt><\/dl><dl class='gallery-item'>\n\t\t\t<dt class='gallery-icon portrait'>\n\t\t\t\t<a href='http:\/\/trail.camadeira.com\/?attachment_id=1008'><img width=\"150\" height=\"150\" src=\"http:\/\/trail.camadeira.com\/wp-content\/uploads\/2014\/07\/10492282_735549153150975_2415336925939842165_n-150x150.jpg\" class=\"attachment-thumbnail size-thumbnail\" alt=\"\" loading=\"lazy\" \/><\/a>\n\t\t\t<\/dt><\/dl><br style=\"clear: both\" \/><dl class='gallery-item'>\n\t\t\t<dt class='gallery-icon landscape'>\n\t\t\t\t<a href='http:\/\/trail.camadeira.com\/?attachment_id=1009'><img width=\"150\" height=\"150\" src=\"http:\/\/trail.camadeira.com\/wp-content\/uploads\/2014\/07\/10496956_708514675887356_3268923558987503387_o-150x150.jpg\" class=\"attachment-thumbnail size-thumbnail\" alt=\"\" loading=\"lazy\" \/><\/a>\n\t\t\t<\/dt><\/dl><dl class='gallery-item'>\n\t\t\t<dt class='gallery-icon landscape'>\n\t\t\t\t<a href='http:\/\/trail.camadeira.com\/?attachment_id=1010'><img width=\"150\" height=\"150\" src=\"http:\/\/trail.camadeira.com\/wp-content\/uploads\/2014\/07\/10498499_735554053150485_9024113833719962450_o-150x150.jpg\" class=\"attachment-thumbnail size-thumbnail\" alt=\"\" loading=\"lazy\" \/><\/a>\n\t\t\t<\/dt><\/dl><dl class='gallery-item'>\n\t\t\t<dt class='gallery-icon landscape'>\n\t\t\t\t<a href='http:\/\/trail.camadeira.com\/?attachment_id=1011'><img width=\"150\" height=\"150\" src=\"http:\/\/trail.camadeira.com\/wp-content\/uploads\/2014\/07\/10500258_708514525887371_1629859135211669465_n-150x150.jpg\" class=\"attachment-thumbnail size-thumbnail\" alt=\"\" loading=\"lazy\" \/><\/a>\n\t\t\t<\/dt><\/dl><br style=\"clear: both\" \/><dl class='gallery-item'>\n\t\t\t<dt class='gallery-icon portrait'>\n\t\t\t\t<a href='http:\/\/trail.camadeira.com\/?attachment_id=1012'><img width=\"150\" height=\"150\" src=\"http:\/\/trail.camadeira.com\/wp-content\/uploads\/2014\/07\/10502324_708521552553335_4402349112181109939_n-150x150.jpg\" class=\"attachment-thumbnail size-thumbnail\" alt=\"\" loading=\"lazy\" \/><\/a>\n\t\t\t<\/dt><\/dl><dl class='gallery-item'>\n\t\t\t<dt class='gallery-icon portrait'>\n\t\t\t\t<a href='http:\/\/trail.camadeira.com\/?attachment_id=1013'><img width=\"150\" height=\"150\" src=\"http:\/\/trail.camadeira.com\/wp-content\/uploads\/2014\/07\/10505562_708514305887393_3771865040922602253_n-150x150.jpg\" class=\"attachment-thumbnail size-thumbnail\" alt=\"\" loading=\"lazy\" \/><\/a>\n\t\t\t<\/dt><\/dl><dl class='gallery-item'>\n\t\t\t<dt class='gallery-icon landscape'>\n\t\t\t\t<a href='http:\/\/trail.camadeira.com\/?attachment_id=1014'><img width=\"150\" height=\"150\" src=\"http:\/\/trail.camadeira.com\/wp-content\/uploads\/2014\/07\/10507096_735547789817778_3281056019134861899_o1-150x150.jpg\" class=\"attachment-thumbnail size-thumbnail\" alt=\"\" loading=\"lazy\" \/><\/a>\n\t\t\t<\/dt><\/dl><br style=\"clear: both\" \/><dl class='gallery-item'>\n\t\t\t<dt class='gallery-icon portrait'>\n\t\t\t\t<a href='http:\/\/trail.camadeira.com\/?attachment_id=1015'><img width=\"150\" height=\"150\" src=\"http:\/\/trail.camadeira.com\/wp-content\/uploads\/2014\/07\/10514500_708521655886658_6894119090772433603_n-150x150.jpg\" class=\"attachment-thumbnail size-thumbnail\" alt=\"\" loading=\"lazy\" \/><\/a>\n\t\t\t<\/dt><\/dl><dl class='gallery-item'>\n\t\t\t<dt class='gallery-icon landscape'>\n\t\t\t\t<a href='http:\/\/trail.camadeira.com\/?attachment_id=1016'><img width=\"150\" height=\"150\" src=\"http:\/\/trail.camadeira.com\/wp-content\/uploads\/2014\/07\/10519718_735549423150948_196257106659748168_o-150x150.jpg\" class=\"attachment-thumbnail size-thumbnail\" alt=\"\" loading=\"lazy\" \/><\/a>\n\t\t\t<\/dt><\/dl><dl class='gallery-item'>\n\t\t\t<dt class='gallery-icon portrait'>\n\t\t\t\t<a href='http:\/\/trail.camadeira.com\/?attachment_id=1017'><img width=\"150\" height=\"150\" src=\"http:\/\/trail.camadeira.com\/wp-content\/uploads\/2014\/07\/10522471_735550663150824_1070504616502939880_n-150x150.jpg\" class=\"attachment-thumbnail size-thumbnail\" alt=\"\" loading=\"lazy\" \/><\/a>\n\t\t\t<\/dt><\/dl><br style=\"clear: both\" \/><dl class='gallery-item'>\n\t\t\t<dt class='gallery-icon portrait'>\n\t\t\t\t<a href='http:\/\/trail.camadeira.com\/?attachment_id=1018'><img width=\"150\" height=\"150\" src=\"http:\/\/trail.camadeira.com\/wp-content\/uploads\/2014\/07\/10530903_735551249817432_3262498936455351232_n-1-150x150.jpg\" class=\"attachment-thumbnail size-thumbnail\" alt=\"\" loading=\"lazy\" \/><\/a>\n\t\t\t<\/dt><\/dl><dl class='gallery-item'>\n\t\t\t<dt class='gallery-icon landscape'>\n\t\t\t\t<a href='http:\/\/trail.camadeira.com\/?attachment_id=1019'><img width=\"150\" height=\"150\" src=\"http:\/\/trail.camadeira.com\/wp-content\/uploads\/2014\/07\/10532686_708515229220634_1269040677697207336_o-150x150.jpg\" class=\"attachment-thumbnail size-thumbnail\" alt=\"\" loading=\"lazy\" \/><\/a>\n\t\t\t<\/dt><\/dl><dl class='gallery-item'>\n\t\t\t<dt class='gallery-icon landscape'>\n\t\t\t\t<a href='http:\/\/trail.camadeira.com\/?attachment_id=1020'><img width=\"150\" height=\"150\" src=\"http:\/\/trail.camadeira.com\/wp-content\/uploads\/2014\/07\/10535682_708518909220266_8463158246655201803_o-150x150.jpg\" class=\"attachment-thumbnail size-thumbnail\" alt=\"\" loading=\"lazy\" \/><\/a>\n\t\t\t<\/dt><\/dl><br style=\"clear: both\" \/><dl class='gallery-item'>\n\t\t\t<dt class='gallery-icon portrait'>\n\t\t\t\t<a href='http:\/\/trail.camadeira.com\/?attachment_id=1021'><img width=\"150\" height=\"150\" src=\"http:\/\/trail.camadeira.com\/wp-content\/uploads\/2014\/07\/10537449_735551133150777_441507985401292567_n-150x150.jpg\" class=\"attachment-thumbnail size-thumbnail\" alt=\"\" loading=\"lazy\" \/><\/a>\n\t\t\t<\/dt><\/dl><dl class='gallery-item'>\n\t\t\t<dt class='gallery-icon landscape'>\n\t\t\t\t<a href='http:\/\/trail.camadeira.com\/?attachment_id=1022'><img width=\"150\" height=\"150\" src=\"http:\/\/trail.camadeira.com\/wp-content\/uploads\/2014\/07\/10542428_735552226484001_1370442404647191946_o-150x150.jpg\" class=\"attachment-thumbnail size-thumbnail\" alt=\"\" loading=\"lazy\" \/><\/a>\n\t\t\t<\/dt><\/dl><dl class='gallery-item'>\n\t\t\t<dt class='gallery-icon landscape'>\n\t\t\t\t<a href='http:\/\/trail.camadeira.com\/?attachment_id=1023'><img width=\"150\" height=\"150\" src=\"http:\/\/trail.camadeira.com\/wp-content\/uploads\/2014\/07\/10557776_708515209220636_8549824752136963511_o-150x150.jpg\" class=\"attachment-thumbnail size-thumbnail\" alt=\"\" loading=\"lazy\" \/><\/a>\n\t\t\t<\/dt><\/dl><br style=\"clear: both\" \/>\n\t\t<\/div>\n\n<p><strong>\u00a0<\/strong><\/p>\n","protected":false},"excerpt":{"rendered":"<p>Marco Silva, Ol\u00edvia Sousa e Nadia Meroni no p\u00f3dio da prova principal &nbsp; As organiza\u00e7\u00f5es do Circuito de Trail Running Madeira 2014 prosseguem com uma excelente participa\u00e7\u00e3o de atletas. No passado Domingo,13 julho, coube ao Ludens Clube de Machico organizar a III edi\u00e7\u00e3o do Trail em Machico, com 227 atletas \u00e0 partida e duas dist\u00e2ncias &hellip; <\/p>\n<p><a class=\"more-link btn\" href=\"http:\/\/trail.camadeira.com\/?p=977\">Continue a ler<\/a><\/p>\n","protected":false},"author":1,"featured_media":0,"comment_status":"closed","ping_status":"closed","sticky":false,"template":"","format":"standard","meta":[],"categories":[1],"tags":[],"_links":{"self":[{"href":"http:\/\/trail.camadeira.com\/index.php?rest_route=\/wp\/v2\/posts\/977"}],"collection":[{"href":"http:\/\/trail.camadeira.com\/index.php?rest_route=\/wp\/v2\/posts"}],"about":[{"href":"http:\/\/trail.camadeira.com\/index.php?rest_route=\/wp\/v2\/types\/post"}],"author":[{"embeddable":true,"href":"http:\/\/trail.camadeira.com\/index.php?rest_route=\/wp\/v2\/users\/1"}],"replies":[{"embeddable":true,"href":"http:\/\/trail.camadeira.com\/index.php?rest_route=%2Fwp%2Fv2%2Fcomments&post=977"}],"version-history":[{"count":8,"href":"http:\/\/trail.camadeira.com\/index.php?rest_route=\/wp\/v2\/posts\/977\/revisions"}],"predecessor-version":[{"id":1024,"href":"http:\/\/trail.camadeira.com\/index.php?rest_route=\/wp\/v2\/posts\/977\/revisions\/1024"}],"wp:attachment":[{"href":"http:\/\/trail.camadeira.com\/index.php?rest_route=%2Fwp%2Fv2%2Fmedia&parent=977"}],"wp:term":[{"taxonomy":"category","embeddable":true,"href":"http:\/\/trail.camadeira.com\/index.php?rest_route=%2Fwp%2Fv2%2Fcategories&post=977"},{"taxonomy":"post_tag","embeddable":true,"href":"http:\/\/trail.camadeira.com\/index.php?rest_route=%2Fwp%2Fv2%2Ftags&post=977"}],"curies":[{"name":"wp","href":"https:\/\/api.w.org\/{rel}","templated":true}]}}