{"id":951,"date":"2014-06-10T14:59:45","date_gmt":"2014-06-10T13:59:45","guid":{"rendered":"http:\/\/trail.camadeira.com\/?p=951"},"modified":"2014-06-10T14:59:45","modified_gmt":"2014-06-10T13:59:45","slug":"leonardo-diogo-no-campeonato-do-mundo-de-ultra-skyrunning","status":"publish","type":"post","link":"http:\/\/trail.camadeira.com\/?p=951","title":{"rendered":"Leonardo Diogo no Campeonato do Mundo de Ultra Skyrunning"},"content":{"rendered":"<div id=\"js_131\" data-ft=\"{&quot;tn&quot;:&quot;K&quot;}\">\n<div id=\"id_53970c51edd560823127126\">\n<p style=\"text-align: justify;\">A corrida t\u00e9cnica em ambiente de montanha tem madeirenses ao mais alto n\u00edvel, Leonardo Diogo ir\u00e1 participar no Campeonato do Mundo de Ultra Skyrunning, e Gon\u00e7alo Silva no KM Vertical, provas que ir\u00e3o decorrer em Chamonix-Fran\u00e7a, a 27 de junho de 2014.<\/p>\n<p><img loading=\"lazy\" class=\"aligncenter\" style=\"text-align: justify;\" alt=\"Foto de Clube Aventura da Madeira.\" src=\"https:\/\/scontent-a-fra.xx.fbcdn.net\/hphotos-xaf1\/t1.0-9\/p296x100\/10252039_10152121248342337_2149648777463850521_n.jpg\" width=\"313\" height=\"470\" \/><\/p>\n<p style=\"text-align: justify;\">O atleta do Clube Aventura da Madeira, Leonardo Diogo, participou na primeira prova do Circuito Mundial 2014, a TRANSVULCANIA, que decorreu na ilha de La Palma, no passado dia 10 de maio, com um percurso de 73,3km e um desn\u00edvel acumulado positivo e negativo de 8.525 metros, tendo obtido o 25.\u00ba lugar entre os 1800 participantes, dos quais, 1459 terminaram a prova. No seu escal\u00e3o de idade o M45 Veteranos, Leonardo subiu ao p\u00f3dio com um excelente 2.\u00ba lugar, numa das provas com uma das melhores listas de inscritos do Circuito Mundial, onde se destacam as presen\u00e7as de corredores como Kilian Jounet, Lu\u00eds Alberto Alzaga vencedor absoluto e Ana Frost vencedora da competi\u00e7\u00e3o feminina.<\/p>\n<div style=\"text-align: justify;\">\n<p>A prova na ilha de La Palma teve in\u00edcio junto ao mar pelas 6h da madrugada, com muito frio e vento na parte inicial e com sol escaldante na parte final, condi\u00e7\u00f5es que os atletas enfrentaram os desn\u00edveis acentuados, como na subida inicial dos 0m aos 1931m de altitude, e a descida final com mais de 1000 metros, por trilhos sinuosos e com piso irregular.Todos os obst\u00e1culos foram ultrapassados por Leonardo Diogo em 8:13:44.<\/p>\n<p>N\u00e3o tendo possibilidade de participar em todas as provas do circuito Mundial 2013, somente em tr\u00eas, a Transgancanaria (Espanha), Ultralavaredo (It\u00e1lia) e Ultra Trail Cavalls Del Vent (Espanha), o atleta madeirense foi o \u00fanico portugu\u00eas a figurar no Top100 do Ultra Skyrunning do Ranking Mundial da International Skyrunning Federation (ISF), na 76.\u00aa posi\u00e7\u00e3o. Este lugar, entre os 100 primeiros valeu a convoca\u00e7\u00e3o para sele\u00e7\u00e3o de Portugal de Skyrunning que ir\u00e1 competir no final de junho, em Chamonix, no Campeonato do Mundo da especialidade, que ter\u00e1 uma prova com 80km de extens\u00e3o e 6000m de desn\u00edvel acumulado. No \u00e2mbito dos campeonatos do mundo organizados pela ISF, outro madeirense que reside em Chamonix, Gon\u00e7alo Silva, que representa o Clube Aventura da Madeira, est\u00e1 inscrito no KM Vertical, uma corrida com 1km de desn\u00edvel positivo em 3,8km de extens\u00e3o, constituindo at\u00e9 ao momento, a representa\u00e7\u00e3o portuguesa nesta especialidade.<\/p>\n<p>De referir que a Federa\u00e7\u00e3o de Campismo e Montanhismo de Portugal associou-se este ano \u00e0 International Skyrunning Federation, sendo o primeiro ano que tem uma representa\u00e7\u00e3o nacional nos campeonatos do mundo de Skyrunning e apresentar\u00e1 o Campeonato Nacional da modalidade com a Ultra Skymarathon\u00ae Madeira , uma organiza\u00e7\u00e3o do Clube Aventura da Madeira, que se realizar\u00e1 em Santana, nos dias 6 e 7 de setembro.<\/p>\n<\/div>\n<\/div>\n<\/div>\n<div>\n<div data-ft=\"{&quot;tn&quot;:&quot;H&quot;}\">\n<div><img loading=\"lazy\" class=\"aligncenter\" alt=\"Foto de Clube Aventura da Madeira.\" src=\"https:\/\/scontent-b-fra.xx.fbcdn.net\/hphotos-xap1\/t1.0-9\/s600x600\/10421184_10152121251867337_6168527155880560732_n.jpg\" width=\"502\" height=\"376\" \/><\/div>\n<\/div>\n<\/div>\n","protected":false},"excerpt":{"rendered":"<p>A corrida t\u00e9cnica em ambiente de montanha tem madeirenses ao mais alto n\u00edvel, Leonardo Diogo ir\u00e1 participar no Campeonato do Mundo de Ultra Skyrunning, e Gon\u00e7alo Silva no KM Vertical, provas que ir\u00e3o decorrer em Chamonix-Fran\u00e7a, a 27 de junho de 2014. O atleta do Clube Aventura da Madeira, Leonardo Diogo, participou na primeira prova &hellip; <\/p>\n<p><a class=\"more-link btn\" href=\"http:\/\/trail.camadeira.com\/?p=951\">Continue a ler<\/a><\/p>\n","protected":false},"author":1,"featured_media":0,"comment_status":"closed","ping_status":"closed","sticky":false,"template":"","format":"standard","meta":[],"categories":[1],"tags":[],"_links":{"self":[{"href":"http:\/\/trail.camadeira.com\/index.php?rest_route=\/wp\/v2\/posts\/951"}],"collection":[{"href":"http:\/\/trail.camadeira.com\/index.php?rest_route=\/wp\/v2\/posts"}],"about":[{"href":"http:\/\/trail.camadeira.com\/index.php?rest_route=\/wp\/v2\/types\/post"}],"author":[{"embeddable":true,"href":"http:\/\/trail.camadeira.com\/index.php?rest_route=\/wp\/v2\/users\/1"}],"replies":[{"embeddable":true,"href":"http:\/\/trail.camadeira.com\/index.php?rest_route=%2Fwp%2Fv2%2Fcomments&post=951"}],"version-history":[{"count":1,"href":"http:\/\/trail.camadeira.com\/index.php?rest_route=\/wp\/v2\/posts\/951\/revisions"}],"predecessor-version":[{"id":952,"href":"http:\/\/trail.camadeira.com\/index.php?rest_route=\/wp\/v2\/posts\/951\/revisions\/952"}],"wp:attachment":[{"href":"http:\/\/trail.camadeira.com\/index.php?rest_route=%2Fwp%2Fv2%2Fmedia&parent=951"}],"wp:term":[{"taxonomy":"category","embeddable":true,"href":"http:\/\/trail.camadeira.com\/index.php?rest_route=%2Fwp%2Fv2%2Fcategories&post=951"},{"taxonomy":"post_tag","embeddable":true,"href":"http:\/\/trail.camadeira.com\/index.php?rest_route=%2Fwp%2Fv2%2Ftags&post=951"}],"curies":[{"name":"wp","href":"https:\/\/api.w.org\/{rel}","templated":true}]}}