{"id":930,"date":"2014-04-14T20:35:22","date_gmt":"2014-04-14T19:35:22","guid":{"rendered":"http:\/\/trail.camadeira.com\/?p=930"},"modified":"2014-05-10T20:46:20","modified_gmt":"2014-05-10T19:46:20","slug":"clube-aventura-da-madeira-no-miut-2014","status":"publish","type":"post","link":"http:\/\/trail.camadeira.com\/?p=930","title":{"rendered":"Clube Aventura da Madeira no MIUT 2014"},"content":{"rendered":"<div>\n<div><strong>UT115KM<\/strong><\/div>\n<div>Os resistentes que conseguiram concluir a prova, Emanuel Costa, Jos\u00e9 Nunes, Mauro Gomes e Pedro Alves! Parab\u00e9ns a todos!<\/div>\n<div>Resultados<br \/>\n<a href=\"http:\/\/madeiraultratrail.info\/atleta.php?peitoral=162\" target=\"_blank\" rel=\"nofollow nofollow\">http:\/\/madeiraultratrail.info\/atleta.php?peitoral=162<\/a>\u00a0&#8211; Emanuel Costa<br \/>\n<a href=\"http:\/\/madeiraultratrail.info\/atleta.php?peitoral=55\" target=\"_blank\" rel=\"nofollow nofollow\">http:\/\/madeiraultratrail.info\/atleta.php?peitoral=55<\/a>\u00a0&#8211; Jos\u00e9 Nunes<br \/>\n<a href=\"http:\/\/madeiraultratrail.info\/atleta.php?peitoral=190\" target=\"_blank\" rel=\"nofollow nofollow\">http:\/\/madeiraultratrail.info\/atleta.php?peitoral=190<\/a>\u00a0&#8211; Mauro Gomes<br \/>\n<a href=\"http:\/\/madeiraultratrail.info\/atleta.php?peitoral=158\" target=\"_blank\" rel=\"nofollow nofollow\">http:\/\/madeiraultratrail.info\/atleta.php?peitoral=158<\/a>\u00a0&#8211; Pedro Alves<\/div>\n<div>\n\n\t\t<style type=\"text\/css\">\n\t\t\t#gallery-1 {\n\t\t\t\tmargin: auto;\n\t\t\t}\n\t\t\t#gallery-1 .gallery-item {\n\t\t\t\tfloat: left;\n\t\t\t\tmargin-top: 10px;\n\t\t\t\ttext-align: center;\n\t\t\t\twidth: 33%;\n\t\t\t}\n\t\t\t#gallery-1 img {\n\t\t\t\tborder: 2px solid #cfcfcf;\n\t\t\t}\n\t\t\t#gallery-1 .gallery-caption {\n\t\t\t\tmargin-left: 0;\n\t\t\t}\n\t\t\t\/* see gallery_shortcode() in wp-includes\/media.php *\/\n\t\t<\/style>\n\t\t<div id='gallery-1' class='gallery galleryid-930 gallery-columns-3 gallery-size-thumbnail'><dl class='gallery-item'>\n\t\t\t<dt class='gallery-icon portrait'>\n\t\t\t\t<a href='http:\/\/trail.camadeira.com\/?attachment_id=931'><img width=\"150\" height=\"150\" src=\"http:\/\/trail.camadeira.com\/wp-content\/uploads\/2014\/05\/DSC05136-150x150.jpg\" class=\"attachment-thumbnail size-thumbnail\" alt=\"\" loading=\"lazy\" srcset=\"http:\/\/trail.camadeira.com\/wp-content\/uploads\/2014\/05\/DSC05136-150x150.jpg 150w, http:\/\/trail.camadeira.com\/wp-content\/uploads\/2014\/05\/DSC05136-298x300.jpg 298w, http:\/\/trail.camadeira.com\/wp-content\/uploads\/2014\/05\/DSC05136.jpg 504w\" sizes=\"(max-width: 150px) 100vw, 150px\" \/><\/a>\n\t\t\t<\/dt><\/dl><dl class='gallery-item'>\n\t\t\t<dt class='gallery-icon portrait'>\n\t\t\t\t<a href='http:\/\/trail.camadeira.com\/?attachment_id=932'><img width=\"150\" height=\"150\" src=\"http:\/\/trail.camadeira.com\/wp-content\/uploads\/2014\/05\/DSC05190-150x150.jpg\" class=\"attachment-thumbnail size-thumbnail\" alt=\"\" loading=\"lazy\" \/><\/a>\n\t\t\t<\/dt><\/dl><dl class='gallery-item'>\n\t\t\t<dt class='gallery-icon portrait'>\n\t\t\t\t<a href='http:\/\/trail.camadeira.com\/?attachment_id=933'><img width=\"150\" height=\"150\" src=\"http:\/\/trail.camadeira.com\/wp-content\/uploads\/2014\/05\/DSC05250-150x150.jpg\" class=\"attachment-thumbnail size-thumbnail\" alt=\"\" loading=\"lazy\" \/><\/a>\n\t\t\t<\/dt><\/dl><br style=\"clear: both\" \/><dl class='gallery-item'>\n\t\t\t<dt class='gallery-icon landscape'>\n\t\t\t\t<a href='http:\/\/trail.camadeira.com\/?attachment_id=934'><img width=\"150\" height=\"150\" src=\"http:\/\/trail.camadeira.com\/wp-content\/uploads\/2014\/05\/DSC05265-150x150.jpg\" class=\"attachment-thumbnail size-thumbnail\" alt=\"\" loading=\"lazy\" \/><\/a>\n\t\t\t<\/dt><\/dl>\n\t\t\t<br style='clear: both' \/>\n\t\t<\/div>\n\n<\/div>\n<\/div>\n<div><strong>\u00a0UT85KM<\/strong><\/div>\n<div>O Clube Aventura da Madeira no UT 85KM do MIUT, com Jos\u00e9 Henriques, Lu\u00edsa Viveiros, Nadia Meroni e Jo\u00e3o Soares. Parab\u00e9ns a todos pelo desafio superado!<br \/>\nResultados<br \/>\nJos\u00e9 Henriques &#8211;\u00a0<a href=\"http:\/\/madeiraultratrail.info\/atleta.php?peitoral=416\" target=\"_blank\" rel=\"nofollow nofollow\">http:\/\/madeiraultratrail.info\/atleta.php?peitoral=416<\/a><br \/>\nLu\u00edsa Viveiros\u00a0&#8211;\u00a0<a href=\"http:\/\/madeiraultratrail.info\/atleta.php?peitoral=421\" target=\"_blank\" rel=\"nofollow nofollow\">http:\/\/madeiraultratrail.info\/atleta.php?peitoral=421<\/a><br \/>\nNadia Meroni &#8211;\u00a0<a href=\"http:\/\/madeiraultratrail.info\/atleta.php?peitoral=403\" target=\"_blank\" rel=\"nofollow nofollow\">http:\/\/madeiraultratrail.info\/atleta.php?peitoral=403<\/a><br \/>\nJo\u00e3o Soares &#8211;\u00a0<a href=\"http:\/\/madeiraultratrail.info\/atleta.php?peitoral=430\" target=\"_blank\" rel=\"nofollow nofollow\">http:\/\/madeiraultratrail.info\/atleta.php?peitoral=430<\/a><\/div>\n<div><\/div>\n<div><strong>T42KM<\/strong><\/div>\n<div>Leonardo Diogo vence de forma categ\u00f3rica o Trail 42km do MIUT 2014, com o tempo de 03:52:18.<\/div>\n<div>Parab\u00e9ns Leonardo!<a href=\"http:\/\/madeiraultratrail.info\/atleta.php?peitoral=692\" target=\"_blank\" rel=\"nofollow nofollow\">http:\/\/madeiraultratrail.info\/atleta.php?peitoral=692<\/a><\/div>\n<div><\/div>\n<div><strong>T20KM<\/strong><\/div>\n<div>Atletas do Clube Aventura da Madeira no Trail 20km do MIUT2014, numa experi\u00eancia preparando outros desafios. Destaque para Ricardo Quintal, 6.\u00ba classificado com o tempo 2:02:59. Superaram esta prova em representa\u00e7\u00e3o do Clube Aventura da Madeira, Ricardo Quintal, Roberto Castro, Edson Pereira, Rodolfo Vasconcelos e Silvia Ribeiro. Parab\u00e9ns a todos pela participa\u00e7\u00e3o!<\/div>\n<div>\n<div>\n<div><\/div>\n<div>Resultados<br \/>\n<a href=\"http:\/\/madeiraultratrail.info\/atleta.php?peitoral=904\" target=\"_blank\" rel=\"nofollow nofollow\">http:\/\/madeiraultratrail.info\/atleta.php?peitoral=904<\/a>\u00a0&#8211; Ricardo Quintal<br \/>\n<a href=\"http:\/\/madeiraultratrail.info\/atleta.php?peitoral=1029\" target=\"_blank\" rel=\"nofollow nofollow\">http:\/\/madeiraultratrail.info\/atleta.php?peitoral=1029<\/a>\u00a0&#8211; Roberto Castro<br \/>\n<a href=\"http:\/\/madeiraultratrail.info\/atleta.php?peitoral=985\" target=\"_blank\" rel=\"nofollow nofollow\">http:\/\/madeiraultratrail.info\/atleta.php?peitoral=985<\/a>\u00a0&#8211; Edson Pereira<br \/>\n<a href=\"http:\/\/madeiraultratrail.info\/atleta.php?peitoral=1010\" target=\"_blank\" rel=\"nofollow nofollow\">http:\/\/madeiraultratrail.info\/atleta.php?peitoral=1010<\/a>\u00a0&#8211; Rodolfo Vasconcelos<br \/>\n<a href=\"http:\/\/madeiraultratrail.info\/atleta.php?peitoral=1024\" target=\"_blank\" rel=\"nofollow nofollow\">http:\/\/madeiraultratrail.info\/atleta.php?peitoral=1024<\/a>\u00a0&#8211; S\u00edlvia Ribeiro<\/div>\n<\/div>\n<div><\/div>\n<\/div>\n<div>\n\n\t\t<style type=\"text\/css\">\n\t\t\t#gallery-2 {\n\t\t\t\tmargin: auto;\n\t\t\t}\n\t\t\t#gallery-2 .gallery-item {\n\t\t\t\tfloat: left;\n\t\t\t\tmargin-top: 10px;\n\t\t\t\ttext-align: center;\n\t\t\t\twidth: 33%;\n\t\t\t}\n\t\t\t#gallery-2 img {\n\t\t\t\tborder: 2px solid #cfcfcf;\n\t\t\t}\n\t\t\t#gallery-2 .gallery-caption {\n\t\t\t\tmargin-left: 0;\n\t\t\t}\n\t\t\t\/* see gallery_shortcode() in wp-includes\/media.php *\/\n\t\t<\/style>\n\t\t<div id='gallery-2' class='gallery galleryid-930 gallery-columns-3 gallery-size-thumbnail'><dl class='gallery-item'>\n\t\t\t<dt class='gallery-icon landscape'>\n\t\t\t\t<a href='http:\/\/trail.camadeira.com\/?attachment_id=936'><img width=\"150\" height=\"150\" src=\"http:\/\/trail.camadeira.com\/wp-content\/uploads\/2014\/05\/1601411_10152007514627337_3433460085048734037_n-150x150.jpg\" class=\"attachment-thumbnail size-thumbnail\" alt=\"\" loading=\"lazy\" \/><\/a>\n\t\t\t<\/dt><\/dl><dl class='gallery-item'>\n\t\t\t<dt class='gallery-icon landscape'>\n\t\t\t\t<a href='http:\/\/trail.camadeira.com\/?attachment_id=941'><img width=\"150\" height=\"150\" src=\"http:\/\/trail.camadeira.com\/wp-content\/uploads\/2014\/05\/10250250_10152006940817337_269273848657192126_n-150x150.jpg\" class=\"attachment-thumbnail size-thumbnail\" alt=\"\" loading=\"lazy\" \/><\/a>\n\t\t\t<\/dt><\/dl><dl class='gallery-item'>\n\t\t\t<dt class='gallery-icon landscape'>\n\t\t\t\t<a href='http:\/\/trail.camadeira.com\/?attachment_id=935'><img width=\"150\" height=\"150\" src=\"http:\/\/trail.camadeira.com\/wp-content\/uploads\/2014\/05\/1544595_10152009695512337_8841321663200300813_n-150x150.jpg\" class=\"attachment-thumbnail size-thumbnail\" alt=\"\" loading=\"lazy\" \/><\/a>\n\t\t\t<\/dt><\/dl><br style=\"clear: both\" \/><dl class='gallery-item'>\n\t\t\t<dt class='gallery-icon landscape'>\n\t\t\t\t<a href='http:\/\/trail.camadeira.com\/?attachment_id=937'><img width=\"150\" height=\"150\" src=\"http:\/\/trail.camadeira.com\/wp-content\/uploads\/2014\/05\/10003511_10152009610987337_5397817535156342545_n-150x150.jpg\" class=\"attachment-thumbnail size-thumbnail\" alt=\"\" loading=\"lazy\" \/><\/a>\n\t\t\t<\/dt><\/dl><dl class='gallery-item'>\n\t\t\t<dt class='gallery-icon landscape'>\n\t\t\t\t<a href='http:\/\/trail.camadeira.com\/?attachment_id=938'><img width=\"150\" height=\"150\" src=\"http:\/\/trail.camadeira.com\/wp-content\/uploads\/2014\/05\/10151929_10152009614712337_972270297807674854_n-150x150.jpg\" class=\"attachment-thumbnail size-thumbnail\" alt=\"\" loading=\"lazy\" \/><\/a>\n\t\t\t<\/dt><\/dl><dl class='gallery-item'>\n\t\t\t<dt class='gallery-icon landscape'>\n\t\t\t\t<a href='http:\/\/trail.camadeira.com\/?attachment_id=939'><img width=\"150\" height=\"150\" src=\"http:\/\/trail.camadeira.com\/wp-content\/uploads\/2014\/05\/10154393_10152007514722337_2142912931790378987_n-150x150.jpg\" class=\"attachment-thumbnail size-thumbnail\" alt=\"\" loading=\"lazy\" \/><\/a>\n\t\t\t<\/dt><\/dl><br style=\"clear: both\" \/><dl class='gallery-item'>\n\t\t\t<dt class='gallery-icon landscape'>\n\t\t\t\t<a href='http:\/\/trail.camadeira.com\/?attachment_id=940'><img width=\"150\" height=\"150\" src=\"http:\/\/trail.camadeira.com\/wp-content\/uploads\/2014\/05\/10247252_10152009611212337_8266000530584240234_n-150x150.jpg\" class=\"attachment-thumbnail size-thumbnail\" alt=\"\" loading=\"lazy\" \/><\/a>\n\t\t\t<\/dt><\/dl><dl class='gallery-item'>\n\t\t\t<dt class='gallery-icon landscape'>\n\t\t\t\t<a href='http:\/\/trail.camadeira.com\/?attachment_id=942'><img width=\"150\" height=\"150\" src=\"http:\/\/trail.camadeira.com\/wp-content\/uploads\/2014\/05\/10255864_10152006940842337_3169825629812134652_n-150x150.jpg\" class=\"attachment-thumbnail size-thumbnail\" alt=\"\" loading=\"lazy\" \/><\/a>\n\t\t\t<\/dt><\/dl><dl class='gallery-item'>\n\t\t\t<dt class='gallery-icon landscape'>\n\t\t\t\t<a href='http:\/\/trail.camadeira.com\/?attachment_id=943'><img width=\"150\" height=\"150\" src=\"http:\/\/trail.camadeira.com\/wp-content\/uploads\/2014\/05\/10259731_10152009611092337_4040935291752258602_n-150x150.jpg\" class=\"attachment-thumbnail size-thumbnail\" alt=\"\" loading=\"lazy\" \/><\/a>\n\t\t\t<\/dt><\/dl><br style=\"clear: both\" \/><dl class='gallery-item'>\n\t\t\t<dt class='gallery-icon landscape'>\n\t\t\t\t<a href='http:\/\/trail.camadeira.com\/?attachment_id=944'><img width=\"150\" height=\"150\" src=\"http:\/\/trail.camadeira.com\/wp-content\/uploads\/2014\/05\/10268694_10152009695482337_8312723677762418773_n-150x150.jpg\" class=\"attachment-thumbnail size-thumbnail\" alt=\"\" loading=\"lazy\" \/><\/a>\n\t\t\t<\/dt><\/dl>\n\t\t\t<br style='clear: both' \/>\n\t\t<\/div>\n\n<\/div>\n","protected":false},"excerpt":{"rendered":"<p>UT115KM Os resistentes que conseguiram concluir a prova, Emanuel Costa, Jos\u00e9 Nunes, Mauro Gomes e Pedro Alves! Parab\u00e9ns a todos! Resultados http:\/\/madeiraultratrail.info\/atleta.php?peitoral=162\u00a0&#8211; Emanuel Costa http:\/\/madeiraultratrail.info\/atleta.php?peitoral=55\u00a0&#8211; Jos\u00e9 Nunes http:\/\/madeiraultratrail.info\/atleta.php?peitoral=190\u00a0&#8211; Mauro Gomes http:\/\/madeiraultratrail.info\/atleta.php?peitoral=158\u00a0&#8211; Pedro Alves \u00a0UT85KM O Clube Aventura da Madeira no UT 85KM do MIUT, com Jos\u00e9 Henriques, Lu\u00edsa Viveiros, Nadia Meroni e Jo\u00e3o Soares. Parab\u00e9ns &hellip; <\/p>\n<p><a class=\"more-link btn\" href=\"http:\/\/trail.camadeira.com\/?p=930\">Continue a ler<\/a><\/p>\n","protected":false},"author":1,"featured_media":0,"comment_status":"closed","ping_status":"closed","sticky":false,"template":"","format":"standard","meta":[],"categories":[1],"tags":[],"_links":{"self":[{"href":"http:\/\/trail.camadeira.com\/index.php?rest_route=\/wp\/v2\/posts\/930"}],"collection":[{"href":"http:\/\/trail.camadeira.com\/index.php?rest_route=\/wp\/v2\/posts"}],"about":[{"href":"http:\/\/trail.camadeira.com\/index.php?rest_route=\/wp\/v2\/types\/post"}],"author":[{"embeddable":true,"href":"http:\/\/trail.camadeira.com\/index.php?rest_route=\/wp\/v2\/users\/1"}],"replies":[{"embeddable":true,"href":"http:\/\/trail.camadeira.com\/index.php?rest_route=%2Fwp%2Fv2%2Fcomments&post=930"}],"version-history":[{"count":1,"href":"http:\/\/trail.camadeira.com\/index.php?rest_route=\/wp\/v2\/posts\/930\/revisions"}],"predecessor-version":[{"id":945,"href":"http:\/\/trail.camadeira.com\/index.php?rest_route=\/wp\/v2\/posts\/930\/revisions\/945"}],"wp:attachment":[{"href":"http:\/\/trail.camadeira.com\/index.php?rest_route=%2Fwp%2Fv2%2Fmedia&parent=930"}],"wp:term":[{"taxonomy":"category","embeddable":true,"href":"http:\/\/trail.camadeira.com\/index.php?rest_route=%2Fwp%2Fv2%2Fcategories&post=930"},{"taxonomy":"post_tag","embeddable":true,"href":"http:\/\/trail.camadeira.com\/index.php?rest_route=%2Fwp%2Fv2%2Ftags&post=930"}],"curies":[{"name":"wp","href":"https:\/\/api.w.org\/{rel}","templated":true}]}}