{"id":919,"date":"2013-11-18T03:39:31","date_gmt":"2013-11-18T02:39:31","guid":{"rendered":"http:\/\/trail.camadeira.com\/?p=919"},"modified":"2014-03-07T03:42:07","modified_gmt":"2014-03-07T02:42:07","slug":"tiago-silva-e-cristina-nascimento-vencem-trail-de-camara-de-lobos","status":"publish","type":"post","link":"http:\/\/trail.camadeira.com\/?p=919","title":{"rendered":"Tiago Silva e Cristina Nascimento vencem Trail de C\u00e2mara de Lobos"},"content":{"rendered":"<p><strong>Clube Aventura da Madeira vence por equipas em Femininos e Masculinos<\/strong><\/p>\n<p><strong>Cristina Nascimento, Lu\u00edsa Viveiros e Isabel Fagundes no p\u00f3dio de equipas femininas<\/strong><\/p>\n<p><strong>Tiago Silva, Jo\u00e3o Nunes, Lu\u00eds Rocha no p\u00f3dio de equipas masculinas<\/strong><\/p>\n<p><strong>Tiago Silva 1.\u00ba, Jo\u00e3o Nunes 3.\u00ba no p\u00f3dio Seniores Masculinos<\/strong><\/p>\n<p><strong>Cristina Nascimento 1.\u00aa e Lu\u00edsa Viveiros 2.\u00aa no p\u00f3dio de Seniores Femininos<\/strong><\/p>\n<p><strong>Jos\u00e9 Nunes 1.\u00ba no escal\u00e3o M50<\/strong><\/p>\n<p><strong>Nadia Meroni 2.\u00aa no escal\u00e3o F40<\/strong><\/p>\n<p><a href=\"http:\/\/trail.camadeira.com\/wp-content\/uploads\/2014\/03\/Podio-lobos.jpg\"><img loading=\"lazy\" class=\"aligncenter size-full wp-image-920\" alt=\"Podio lobos\" src=\"http:\/\/trail.camadeira.com\/wp-content\/uploads\/2014\/03\/Podio-lobos.jpg\" width=\"442\" height=\"417\" srcset=\"http:\/\/trail.camadeira.com\/wp-content\/uploads\/2014\/03\/Podio-lobos.jpg 442w, http:\/\/trail.camadeira.com\/wp-content\/uploads\/2014\/03\/Podio-lobos-300x283.jpg 300w\" sizes=\"(max-width: 442px) 100vw, 442px\" \/><\/a><\/p>\n<p>Os traillers representando o Clube Aventura da Madeira obtiveram excelentes resultados individuais e conseguiram os dois t\u00edtulos coletivos em disputa, na prova principal, o TCL 27km, que se disputou no dia 17 Novembro de 2013.<\/p>\n<p>Destaque para Tiago Silva (Clube Aventura da Madeira\/Bioforma) e Cristina Nascimento (Clube Aventura da Madeira Trizone) que venceram destacados a 1.\u00aa edi\u00e7\u00e3o do Trail de C\u00e2mara de Lobos, organizada pelo ACD Jardim da Serra e ACR Estreito. Ambos os atletas estiveram na lideran\u00e7a da prova desde in\u00edcio, superando as dificuldades deste itiner\u00e1rio, com algumas subidas acentuadas e muitos degraus, mas com paisagens amplas sobre o concelho.<\/p>\n<p><a href=\"http:\/\/trail.camadeira.com\/wp-content\/uploads\/2014\/03\/net-lobos-fem-podio.jpg\"><img loading=\"lazy\" class=\"aligncenter size-full wp-image-921\" alt=\"net lobos fem podio\" src=\"http:\/\/trail.camadeira.com\/wp-content\/uploads\/2014\/03\/net-lobos-fem-podio.jpg\" width=\"467\" height=\"319\" srcset=\"http:\/\/trail.camadeira.com\/wp-content\/uploads\/2014\/03\/net-lobos-fem-podio.jpg 467w, http:\/\/trail.camadeira.com\/wp-content\/uploads\/2014\/03\/net-lobos-fem-podio-300x204.jpg 300w\" sizes=\"(max-width: 467px) 100vw, 467px\" \/><\/a><\/p>\n<p>O Clube Aventura da Madeira conseguiu uma das melhores representa\u00e7\u00f5es de sempre nas provas do Circuito de Trail Running Madeira, fruto do empenho de todos os seus atletas. Para al\u00e9m do excelente 1.\u00ba lugar de Tiago Silva, de registar ainda as presta\u00e7\u00f5es de Jo\u00e3o Nunes, que efetuou uma prova de tr\u00e1s para a frente, conseguindo muito pr\u00f3ximo da meta chegar ao 3.\u00ba lugar absoluto da prova principal, e de Lu\u00eds Rocha, 8.\u00ba Sen. Masc. e 10.\u00ba da geral completando a equipa masculina do Clube Aventura da Madeira, primeira classificada neste evento. Jos\u00e9 Nunes venceu o escal\u00e3o M50.<\/p>\n<p><a href=\"http:\/\/trail.camadeira.com\/wp-content\/uploads\/2014\/03\/1477653_10151743793832337_926754607_n.jpg\"><img loading=\"lazy\" class=\"aligncenter  wp-image-922\" alt=\"1477653_10151743793832337_926754607_n\" src=\"http:\/\/trail.camadeira.com\/wp-content\/uploads\/2014\/03\/1477653_10151743793832337_926754607_n.jpg\" width=\"612\" height=\"411\" \/><\/a><\/p>\n<p>Nos femininos, Lu\u00edsa Viveiros tamb\u00e9m efetuou uma excelente prova, seguindo Cristina Nascimento, para o segundo lugar absoluto feminino, tendo Isabel Fagundes 4.\u00aa da geral, completado a equipa feminina do Clube Aventura da Madeira, vencedora do trof\u00e9u para o primeiro lugar. No feminino, de registar ainda as presta\u00e7\u00f5es de S\u00f3nia Santos, 5.\u00aa da geral feminina e para Nadia Meroni que subiu ao p\u00f3dio na 2.\u00aa posi\u00e7\u00e3o do escal\u00e3o F40.<\/p>\n<p>Classifica\u00e7\u00f5es e tempos dos atletas que representaram o Clube Aventura da Madeira<\/p>\n<p>Tiago Silva &#8211; 02:16:51 Clube Aventura da Madeira\/BIOFORMA TCL SEN M 27km Posi\u00e7\u00e3o Absoluta &#8211; 1<\/p>\n<p>Jo\u00e3o Nunes 02:34:05 Clube Aventura da Madeira\/Triz TCL SEN M 27km Posi\u00e7\u00e3o Absoluta &#8211; 3<\/p>\n<p>Lu\u00eds Rocha 02:42:08 Clube Aventura da Madeira\/Triz TCL SEN M 27km Posi\u00e7\u00e3o Absoluta &#8211; 11<\/p>\n<p>Cristina Nascimento &#8211; 02:49:53 Clube Aventura da Madeira\/Triz TCL SEN F 27kmPosi\u00e7\u00e3o Absoluta &#8211; 18<\/p>\n<p>Mauro Gomes &#8211; 02:51:55 Clube Aventura da Madeira\/Triz TCL M40 27km Posi\u00e7\u00e3o Absoluta &#8211; 23<\/p>\n<p>Lu\u00edsa Viveiros &#8211; 02:56:40 Clube Aventura da Madeira\/Triz TCL SEN F 27km Posi\u00e7\u00e3o Absoluta &#8211; 26<\/p>\n<p>Jos\u00e9 Nunes &#8211; 03:00:54 Clube Aventura da Madeira\/Triz TCL M50 27km Posi\u00e7\u00e3o Absoluta &#8211; 30<\/p>\n<p>Jos\u00e9 Henriques &#8211; 03:04:16 Clube Aventura da Madeira\/Triz TCL SEN M 27km Posi\u00e7\u00e3o Absoluta &#8211; 33<\/p>\n<p>Pedro Alves &#8211; 03:11:47 Clube Aventura da Madeira\/Triz TCL SEN M 27km Posi\u00e7\u00e3o Absoluta &#8211; 46<\/p>\n<p>Jo\u00e3o Clode &#8211; 03:12:25 Clube Aventura da Madeira\/Triz TCL SEN M 27km Posi\u00e7\u00e3o Absoluta &#8211; 47<\/p>\n<p>Isabel Fagundes &#8211; 03:16:02 Clube Aventura da Madeira\/Triz TCL SEN F 27km Posi\u00e7\u00e3o Absoluta &#8211; 55<\/p>\n<p>Alexandre Nogueira 03:16:04 Clube Aventura da MadeiramTCL SEN M 27kmPosi\u00e7\u00e3o Absoluta &#8211; 56<\/p>\n<p>Mendon\u00e7a Jo\u00e3o &#8211; 03:26:33 Clube Aventura da Madeira\/Triz TCL M40 27km Posi\u00e7\u00e3o Absoluta &#8211; 65<\/p>\n<p>S\u00f3nia Santos &#8211; 03:26:51 Clube Aventura da Madeira\/Triz TCL SEN F 27km Posi\u00e7\u00e3o Absoluta &#8211; 66<\/p>\n<p>Nadia Meroni &#8211; 03:46:29 Clube Aventura da Madeira\/Triz TCL F40 27km Posi\u00e7\u00e3o Absoluta \u2013 86<\/p>\n<p>Sid\u00f3nio Jesus M 01:59:08 Clube Aventura da Madeira\/Triz TCLM SEN M 18km Posi\u00e7\u00e3o Absoluta \u2013 27<\/p>\n","protected":false},"excerpt":{"rendered":"<p>Clube Aventura da Madeira vence por equipas em Femininos e Masculinos Cristina Nascimento, Lu\u00edsa Viveiros e Isabel Fagundes no p\u00f3dio de equipas femininas Tiago Silva, Jo\u00e3o Nunes, Lu\u00eds Rocha no p\u00f3dio de equipas masculinas Tiago Silva 1.\u00ba, Jo\u00e3o Nunes 3.\u00ba no p\u00f3dio Seniores Masculinos Cristina Nascimento 1.\u00aa e Lu\u00edsa Viveiros 2.\u00aa no p\u00f3dio de Seniores &hellip; <\/p>\n<p><a class=\"more-link btn\" href=\"http:\/\/trail.camadeira.com\/?p=919\">Continue a ler<\/a><\/p>\n","protected":false},"author":1,"featured_media":0,"comment_status":"closed","ping_status":"closed","sticky":false,"template":"","format":"standard","meta":[],"categories":[1],"tags":[],"_links":{"self":[{"href":"http:\/\/trail.camadeira.com\/index.php?rest_route=\/wp\/v2\/posts\/919"}],"collection":[{"href":"http:\/\/trail.camadeira.com\/index.php?rest_route=\/wp\/v2\/posts"}],"about":[{"href":"http:\/\/trail.camadeira.com\/index.php?rest_route=\/wp\/v2\/types\/post"}],"author":[{"embeddable":true,"href":"http:\/\/trail.camadeira.com\/index.php?rest_route=\/wp\/v2\/users\/1"}],"replies":[{"embeddable":true,"href":"http:\/\/trail.camadeira.com\/index.php?rest_route=%2Fwp%2Fv2%2Fcomments&post=919"}],"version-history":[{"count":2,"href":"http:\/\/trail.camadeira.com\/index.php?rest_route=\/wp\/v2\/posts\/919\/revisions"}],"predecessor-version":[{"id":924,"href":"http:\/\/trail.camadeira.com\/index.php?rest_route=\/wp\/v2\/posts\/919\/revisions\/924"}],"wp:attachment":[{"href":"http:\/\/trail.camadeira.com\/index.php?rest_route=%2Fwp%2Fv2%2Fmedia&parent=919"}],"wp:term":[{"taxonomy":"category","embeddable":true,"href":"http:\/\/trail.camadeira.com\/index.php?rest_route=%2Fwp%2Fv2%2Fcategories&post=919"},{"taxonomy":"post_tag","embeddable":true,"href":"http:\/\/trail.camadeira.com\/index.php?rest_route=%2Fwp%2Fv2%2Ftags&post=919"}],"curies":[{"name":"wp","href":"https:\/\/api.w.org\/{rel}","templated":true}]}}