{"id":914,"date":"2013-10-21T01:44:25","date_gmt":"2013-10-21T00:44:25","guid":{"rendered":"http:\/\/trail.camadeira.com\/?p=914"},"modified":"2014-03-07T02:41:42","modified_gmt":"2014-03-07T01:41:42","slug":"joao-nunes-no-top-ten-do-utax-2013","status":"publish","type":"post","link":"http:\/\/trail.camadeira.com\/?p=914","title":{"rendered":"Jo\u00e3o Nunes no Top Ten do UTAX 2013"},"content":{"rendered":"<p style=\"text-align: justify;\">O atleta do Clube Aventura da Madeira confirmou a excelente evolu\u00e7\u00e3o que tem tido no Trail Running, e depois de conquistar alguns resultados relevantes a n\u00edvel regional, fez a estreia na competi\u00e7\u00e3o nacional no UTAX \u2013 Ultra Trail Aldeias de Xisto. A prova com 80km e 5000metros de desn\u00edvel positivo percorre as serras da Lous\u00e3 e as suas carater\u00edsticas aldeias de xisto. Jo\u00e3o Nunes confirmou o bom n\u00edvel que vem apresentando esta \u00e9poca, terminando na 10\u00aa posi\u00e7\u00e3o absolutacom o tempo de 9:12:40. Na mesma prova, o trailer do Clube Aventura da Madeira, Mauro Gomes, conseguiu concluir a prova com o tempo de 12:04:52, tempo que lhe valeu a 87:\u00aa posi\u00e7\u00e3o, entre os 211 participantes que conclu\u00edram a prova.<br \/>\n<a href=\"http:\/\/trail.camadeira.com\/wp-content\/uploads\/2014\/03\/DSC09898.jpg\"><img loading=\"lazy\" class=\"aligncenter  wp-image-915\" alt=\"DSC09898\" src=\"http:\/\/trail.camadeira.com\/wp-content\/uploads\/2014\/03\/DSC09898.jpg\" width=\"614\" height=\"461\" srcset=\"http:\/\/trail.camadeira.com\/wp-content\/uploads\/2014\/03\/DSC09898.jpg 1024w, http:\/\/trail.camadeira.com\/wp-content\/uploads\/2014\/03\/DSC09898-300x225.jpg 300w\" sizes=\"(max-width: 614px) 100vw, 614px\" \/><\/a><\/p>\n","protected":false},"excerpt":{"rendered":"<p>O atleta do Clube Aventura da Madeira confirmou a excelente evolu\u00e7\u00e3o que tem tido no Trail Running, e depois de conquistar alguns resultados relevantes a n\u00edvel regional, fez a estreia na competi\u00e7\u00e3o nacional no UTAX \u2013 Ultra Trail Aldeias de Xisto. A prova com 80km e 5000metros de desn\u00edvel positivo percorre as serras da Lous\u00e3 &hellip; <\/p>\n<p><a class=\"more-link btn\" href=\"http:\/\/trail.camadeira.com\/?p=914\">Continue a ler<\/a><\/p>\n","protected":false},"author":1,"featured_media":0,"comment_status":"closed","ping_status":"closed","sticky":false,"template":"","format":"standard","meta":[],"categories":[1],"tags":[],"_links":{"self":[{"href":"http:\/\/trail.camadeira.com\/index.php?rest_route=\/wp\/v2\/posts\/914"}],"collection":[{"href":"http:\/\/trail.camadeira.com\/index.php?rest_route=\/wp\/v2\/posts"}],"about":[{"href":"http:\/\/trail.camadeira.com\/index.php?rest_route=\/wp\/v2\/types\/post"}],"author":[{"embeddable":true,"href":"http:\/\/trail.camadeira.com\/index.php?rest_route=\/wp\/v2\/users\/1"}],"replies":[{"embeddable":true,"href":"http:\/\/trail.camadeira.com\/index.php?rest_route=%2Fwp%2Fv2%2Fcomments&post=914"}],"version-history":[{"count":3,"href":"http:\/\/trail.camadeira.com\/index.php?rest_route=\/wp\/v2\/posts\/914\/revisions"}],"predecessor-version":[{"id":918,"href":"http:\/\/trail.camadeira.com\/index.php?rest_route=\/wp\/v2\/posts\/914\/revisions\/918"}],"wp:attachment":[{"href":"http:\/\/trail.camadeira.com\/index.php?rest_route=%2Fwp%2Fv2%2Fmedia&parent=914"}],"wp:term":[{"taxonomy":"category","embeddable":true,"href":"http:\/\/trail.camadeira.com\/index.php?rest_route=%2Fwp%2Fv2%2Fcategories&post=914"},{"taxonomy":"post_tag","embeddable":true,"href":"http:\/\/trail.camadeira.com\/index.php?rest_route=%2Fwp%2Fv2%2Ftags&post=914"}],"curies":[{"name":"wp","href":"https:\/\/api.w.org\/{rel}","templated":true}]}}