{"id":857,"date":"2013-10-01T21:22:20","date_gmt":"2013-10-01T20:22:20","guid":{"rendered":"http:\/\/trail.camadeira.com\/?p=857"},"modified":"2013-10-01T21:46:20","modified_gmt":"2013-10-01T20:46:20","slug":"novas-inscricoes-abertas","status":"publish","type":"post","link":"http:\/\/trail.camadeira.com\/?p=857","title":{"rendered":"Novas Inscri\u00e7\u00f5es Abertas!"},"content":{"rendered":"<p>O Clube Aventura da Madeira anuncia a abertura de um novo per\u00edodo de inscri\u00e7\u00f5es, com encerramento no m\u00e1ximo, amanh\u00e3 dia 2 de Outubro.<\/p>\n<p>Existem <strong>10 vagas<\/strong> para totalizar a log\u00edstica dispon\u00edvel.<\/p>\n<p>A aceita\u00e7\u00e3o de inscri\u00e7\u00f5es ser\u00e1 pela ordem de registo, mas condicionada a confirma\u00e7\u00e3o pela organiza\u00e7\u00e3o, que solicitar\u00e1 o pagamento com um prazo a indicar (o pagamento s\u00f3 dever\u00e1 ser efectuado ap\u00f3s rece\u00e7\u00e3o de email de confirma\u00e7\u00e3o). <strong>N\u00e3o haver\u00e1 agravamento do valor da inscri\u00e7\u00e3o.<\/strong><\/p>\n<p>Relembramos que as defini\u00e7\u00f5es agora divulgadas para as inscri\u00e7\u00f5es s\u00e3o fruto de ter sido atingido o limite de 150, que n\u00e3o foram todas confirmadas em devido tempo.<\/p>\n<p><strong><a href=\"https:\/\/docs.google.com\/spreadsheet\/formResponse?formkey=dHRzemwtZjBJU2FMZU5zMEFtS1VRV0E6MA&amp;theme=0AX42CRMsmRFbUy0xYjMxYzlhMS0xZTM0LTRhNDEtOWI2Yi0yN2RkZWMxZWUzOGI&amp;ptok=5641911246084378503&amp;ifq\">INSCRI\u00c7\u00d5ES AQUI<\/a><\/strong><\/p>\n<p>Vamos passar pelo mais rico patrim\u00f3nio natural de Machico &#8211; N\u00e3o falte! Participando ou apoiando os atletas, o MWG Trail Challenge promete um excelente espet\u00e1culo de Trail Running.<\/p>\n<p><a href=\"http:\/\/trail.camadeira.com\/wp-content\/uploads\/2013\/10\/DSC06605.jpg\"><img loading=\"lazy\" class=\"aligncenter size-full wp-image-861\" alt=\"DSC06605\" src=\"http:\/\/trail.camadeira.com\/wp-content\/uploads\/2013\/10\/DSC06605.jpg\" width=\"617\" height=\"465\" \/><\/a><\/p>\n","protected":false},"excerpt":{"rendered":"<p>O Clube Aventura da Madeira anuncia a abertura de um novo per\u00edodo de inscri\u00e7\u00f5es, com encerramento no m\u00e1ximo, amanh\u00e3 dia 2 de Outubro. Existem 10 vagas para totalizar a log\u00edstica dispon\u00edvel. A aceita\u00e7\u00e3o de inscri\u00e7\u00f5es ser\u00e1 pela ordem de registo, mas condicionada a confirma\u00e7\u00e3o pela organiza\u00e7\u00e3o, que solicitar\u00e1 o pagamento com um prazo a indicar &hellip; <\/p>\n<p><a class=\"more-link btn\" href=\"http:\/\/trail.camadeira.com\/?p=857\">Continue a ler<\/a><\/p>\n","protected":false},"author":1,"featured_media":0,"comment_status":"closed","ping_status":"closed","sticky":false,"template":"","format":"standard","meta":[],"categories":[1],"tags":[],"_links":{"self":[{"href":"http:\/\/trail.camadeira.com\/index.php?rest_route=\/wp\/v2\/posts\/857"}],"collection":[{"href":"http:\/\/trail.camadeira.com\/index.php?rest_route=\/wp\/v2\/posts"}],"about":[{"href":"http:\/\/trail.camadeira.com\/index.php?rest_route=\/wp\/v2\/types\/post"}],"author":[{"embeddable":true,"href":"http:\/\/trail.camadeira.com\/index.php?rest_route=\/wp\/v2\/users\/1"}],"replies":[{"embeddable":true,"href":"http:\/\/trail.camadeira.com\/index.php?rest_route=%2Fwp%2Fv2%2Fcomments&post=857"}],"version-history":[{"count":5,"href":"http:\/\/trail.camadeira.com\/index.php?rest_route=\/wp\/v2\/posts\/857\/revisions"}],"predecessor-version":[{"id":863,"href":"http:\/\/trail.camadeira.com\/index.php?rest_route=\/wp\/v2\/posts\/857\/revisions\/863"}],"wp:attachment":[{"href":"http:\/\/trail.camadeira.com\/index.php?rest_route=%2Fwp%2Fv2%2Fmedia&parent=857"}],"wp:term":[{"taxonomy":"category","embeddable":true,"href":"http:\/\/trail.camadeira.com\/index.php?rest_route=%2Fwp%2Fv2%2Fcategories&post=857"},{"taxonomy":"post_tag","embeddable":true,"href":"http:\/\/trail.camadeira.com\/index.php?rest_route=%2Fwp%2Fv2%2Ftags&post=857"}],"curies":[{"name":"wp","href":"https:\/\/api.w.org\/{rel}","templated":true}]}}