{"id":852,"date":"2013-10-01T12:00:08","date_gmt":"2013-10-01T11:00:08","guid":{"rendered":"http:\/\/trail.camadeira.com\/?p=852"},"modified":"2013-10-01T12:14:56","modified_gmt":"2013-10-01T11:14:56","slug":"852","status":"publish","type":"post","link":"http:\/\/trail.camadeira.com\/?p=852","title":{"rendered":"Confirma\u00e7\u00e3o e abertura de novas inscri\u00e7\u00f5es!"},"content":{"rendered":"<p><strong>MWG Trail Challenge &#8211; Abertura de novas Inscri\u00e7\u00f5es!<\/strong><br \/>\nO Clube Aventura da Madeira informa a todos os interessados que formalizaram a sua inscri\u00e7\u00e3o no MWG Trail Challenge e n\u00e3o confirmaram com o pagamento, que ser\u00e1 anulada a inscri\u00e7\u00e3o hoje, 1 de Outubro de 2013, a partir das 15h.<\/p>\n<p>Devido \u00e0 exist\u00eancia de muitas inscri\u00e7\u00f5es n\u00e3o confirmadas, o Clube Aventura da Madeira ir\u00e1 abrir novas inscri\u00e7\u00f5es hoje a partir das 16h, por um per\u00edodo indeterminado, at\u00e9 completar as vagas existentes at\u00e9 ao limite de 150 participantes.<br \/>\nA aceita\u00e7\u00e3o de inscri\u00e7\u00f5es ser\u00e1 pela ordem de registo, mas condicionada a confirma\u00e7\u00e3o pela organiza\u00e7\u00e3o, que solicitar\u00e1 o pagamento com um prazo a indicar (o pagamento s\u00f3 dever\u00e1 ser efectuado ap\u00f3s rece\u00e7\u00e3o de email de confirma\u00e7\u00e3o). N\u00e3o haver\u00e1 agravamento do valor da inscri\u00e7\u00e3o.<\/p>\n","protected":false},"excerpt":{"rendered":"<p>MWG Trail Challenge &#8211; Abertura de novas Inscri\u00e7\u00f5es! O Clube Aventura da Madeira informa a todos os interessados que formalizaram a sua inscri\u00e7\u00e3o no MWG Trail Challenge e n\u00e3o confirmaram com o pagamento, que ser\u00e1 anulada a inscri\u00e7\u00e3o hoje, 1 de Outubro de 2013, a partir das 15h. Devido \u00e0 exist\u00eancia de muitas inscri\u00e7\u00f5es n\u00e3o &hellip; <\/p>\n<p><a class=\"more-link btn\" href=\"http:\/\/trail.camadeira.com\/?p=852\">Continue a ler<\/a><\/p>\n","protected":false},"author":1,"featured_media":0,"comment_status":"closed","ping_status":"closed","sticky":false,"template":"","format":"standard","meta":[],"categories":[1],"tags":[],"_links":{"self":[{"href":"http:\/\/trail.camadeira.com\/index.php?rest_route=\/wp\/v2\/posts\/852"}],"collection":[{"href":"http:\/\/trail.camadeira.com\/index.php?rest_route=\/wp\/v2\/posts"}],"about":[{"href":"http:\/\/trail.camadeira.com\/index.php?rest_route=\/wp\/v2\/types\/post"}],"author":[{"embeddable":true,"href":"http:\/\/trail.camadeira.com\/index.php?rest_route=\/wp\/v2\/users\/1"}],"replies":[{"embeddable":true,"href":"http:\/\/trail.camadeira.com\/index.php?rest_route=%2Fwp%2Fv2%2Fcomments&post=852"}],"version-history":[{"count":3,"href":"http:\/\/trail.camadeira.com\/index.php?rest_route=\/wp\/v2\/posts\/852\/revisions"}],"predecessor-version":[{"id":855,"href":"http:\/\/trail.camadeira.com\/index.php?rest_route=\/wp\/v2\/posts\/852\/revisions\/855"}],"wp:attachment":[{"href":"http:\/\/trail.camadeira.com\/index.php?rest_route=%2Fwp%2Fv2%2Fmedia&parent=852"}],"wp:term":[{"taxonomy":"category","embeddable":true,"href":"http:\/\/trail.camadeira.com\/index.php?rest_route=%2Fwp%2Fv2%2Fcategories&post=852"},{"taxonomy":"post_tag","embeddable":true,"href":"http:\/\/trail.camadeira.com\/index.php?rest_route=%2Fwp%2Fv2%2Ftags&post=852"}],"curies":[{"name":"wp","href":"https:\/\/api.w.org\/{rel}","templated":true}]}}