{"id":835,"date":"2013-09-30T23:10:19","date_gmt":"2013-09-30T22:10:19","guid":{"rendered":"http:\/\/trail.camadeira.com\/?p=835"},"modified":"2013-10-01T00:27:32","modified_gmt":"2013-09-30T23:27:32","slug":"termo-de-responsabilidade-e-secretariado","status":"publish","type":"post","link":"http:\/\/trail.camadeira.com\/?p=835","title":{"rendered":"Termo de Responsabilidade e Secretariado"},"content":{"rendered":"<p>O <strong>secretariado<\/strong> estar\u00e1 dispon\u00edvel no dia do evento, 5 outubro 2013, entre as 8h00 e as 9h30, no Ch\u00e3o das Feiteiras.<\/p>\n<p>Todos os participantes devem entregar a declara\u00e7\u00e3o Termo de Responsabilidade.<\/p>\n<p>Para agilizar o processo de registo no secretariado e levantamento de peitorais a organiza\u00e7\u00e3o recomenda que os participantes levem o termo de responsabilidade previamente preenchido.<\/p>\n<p><strong><a href=\"http:\/\/trail.camadeira.com\/wp-content\/uploads\/2013\/09\/termo-responsabilidade-MWG-Trail-Challenge1.pdf\">Termo-Responsabilidade MWG Trail Challenge<\/a><\/strong><\/p>\n<p>Tenha aten\u00e7\u00e3o ao Material Obrigat\u00f3rio! A falta de algum elemento implica desclassifica\u00e7\u00e3o! Seja um praticante de Trail Running respons\u00e1vel!<\/p>\n<p>&nbsp;<\/p>\n<p>Localiza\u00e7\u00e3o do centro do evento &#8211; mais informa\u00e7\u00e3o <a href=\"http:\/\/trail.camadeira.com\/?page_id=842\">AQUI<\/a><br \/>\n<iframe loading=\"lazy\" src=\"https:\/\/maps.google.com\/maps\/ms?msa=0&amp;msid=207696867476578228072.0004e72b3c889780a47c0&amp;hl=pt-PT&amp;ie=UTF8&amp;ll=32.72951,-16.878192&amp;spn=0.019421,0.01801&amp;t=h&amp;output=embed\" height=\"350\" width=\"425\" frameborder=\"0\" marginwidth=\"0\" marginheight=\"0\" scrolling=\"no\"><\/iframe><br \/>\n<small>Ver <a style=\"color: #0000ff; text-align: left;\" href=\"https:\/\/maps.google.com\/maps\/ms?msa=0&amp;msid=207696867476578228072.0004e72b3c889780a47c0&amp;hl=pt-PT&amp;ie=UTF8&amp;ll=32.72951,-16.878192&amp;spn=0.019421,0.01801&amp;t=h&amp;source=embed\">MWG Trail Challenge 20Km 1050m D+<\/a> num mapa maior<\/small><\/p>\n","protected":false},"excerpt":{"rendered":"<p>O secretariado estar\u00e1 dispon\u00edvel no dia do evento, 5 outubro 2013, entre as 8h00 e as 9h30, no Ch\u00e3o das Feiteiras. Todos os participantes devem entregar a declara\u00e7\u00e3o Termo de Responsabilidade. Para agilizar o processo de registo no secretariado e levantamento de peitorais a organiza\u00e7\u00e3o recomenda que os participantes levem o termo de responsabilidade previamente &hellip; <\/p>\n<p><a class=\"more-link btn\" href=\"http:\/\/trail.camadeira.com\/?p=835\">Continue a ler<\/a><\/p>\n","protected":false},"author":1,"featured_media":0,"comment_status":"closed","ping_status":"closed","sticky":false,"template":"","format":"standard","meta":[],"categories":[1],"tags":[],"_links":{"self":[{"href":"http:\/\/trail.camadeira.com\/index.php?rest_route=\/wp\/v2\/posts\/835"}],"collection":[{"href":"http:\/\/trail.camadeira.com\/index.php?rest_route=\/wp\/v2\/posts"}],"about":[{"href":"http:\/\/trail.camadeira.com\/index.php?rest_route=\/wp\/v2\/types\/post"}],"author":[{"embeddable":true,"href":"http:\/\/trail.camadeira.com\/index.php?rest_route=\/wp\/v2\/users\/1"}],"replies":[{"embeddable":true,"href":"http:\/\/trail.camadeira.com\/index.php?rest_route=%2Fwp%2Fv2%2Fcomments&post=835"}],"version-history":[{"count":10,"href":"http:\/\/trail.camadeira.com\/index.php?rest_route=\/wp\/v2\/posts\/835\/revisions"}],"predecessor-version":[{"id":851,"href":"http:\/\/trail.camadeira.com\/index.php?rest_route=\/wp\/v2\/posts\/835\/revisions\/851"}],"wp:attachment":[{"href":"http:\/\/trail.camadeira.com\/index.php?rest_route=%2Fwp%2Fv2%2Fmedia&parent=835"}],"wp:term":[{"taxonomy":"category","embeddable":true,"href":"http:\/\/trail.camadeira.com\/index.php?rest_route=%2Fwp%2Fv2%2Fcategories&post=835"},{"taxonomy":"post_tag","embeddable":true,"href":"http:\/\/trail.camadeira.com\/index.php?rest_route=%2Fwp%2Fv2%2Ftags&post=835"}],"curies":[{"name":"wp","href":"https:\/\/api.w.org\/{rel}","templated":true}]}}