{"id":805,"date":"2013-09-27T15:27:43","date_gmt":"2013-09-27T14:27:43","guid":{"rendered":"http:\/\/trail.camadeira.com\/?p=805"},"modified":"2013-09-29T01:32:46","modified_gmt":"2013-09-29T00:32:46","slug":"mwg-trail-challenge-lista-de-inscritos","status":"publish","type":"post","link":"http:\/\/trail.camadeira.com\/?p=805","title":{"rendered":"MWG Trail Challenge &#8211; Lista de Inscritos"},"content":{"rendered":"<p>Lista de inscri\u00e7\u00f5es por percurso:<\/p>\n<ul>\n<li><a href=\"http:\/\/trail.camadeira.com\/wp-content\/uploads\/2013\/09\/MWG13_inscritos.htm\" target=\"_blank\">Inscri\u00e7\u00f5es<\/a>;<\/li>\n<\/ul>\n<p>Informamos que foi atingido o limite de inscri\u00e7\u00f5es (150). Todas as inscri\u00e7\u00f5es n\u00e3o confirmadas com o pagamento at\u00e9 ao prazo limite em que foram inseridas no sistema on-line ser\u00e3o anuladas.<\/p>\n","protected":false},"excerpt":{"rendered":"<p>Lista de inscri\u00e7\u00f5es por percurso: Inscri\u00e7\u00f5es; Informamos que foi atingido o limite de inscri\u00e7\u00f5es (150). Todas as inscri\u00e7\u00f5es n\u00e3o confirmadas com o pagamento at\u00e9 ao prazo limite em que foram inseridas no sistema on-line ser\u00e3o anuladas.<\/p>\n","protected":false},"author":1,"featured_media":0,"comment_status":"closed","ping_status":"closed","sticky":false,"template":"","format":"standard","meta":[],"categories":[1],"tags":[],"_links":{"self":[{"href":"http:\/\/trail.camadeira.com\/index.php?rest_route=\/wp\/v2\/posts\/805"}],"collection":[{"href":"http:\/\/trail.camadeira.com\/index.php?rest_route=\/wp\/v2\/posts"}],"about":[{"href":"http:\/\/trail.camadeira.com\/index.php?rest_route=\/wp\/v2\/types\/post"}],"author":[{"embeddable":true,"href":"http:\/\/trail.camadeira.com\/index.php?rest_route=\/wp\/v2\/users\/1"}],"replies":[{"embeddable":true,"href":"http:\/\/trail.camadeira.com\/index.php?rest_route=%2Fwp%2Fv2%2Fcomments&post=805"}],"version-history":[{"count":4,"href":"http:\/\/trail.camadeira.com\/index.php?rest_route=\/wp\/v2\/posts\/805\/revisions"}],"predecessor-version":[{"id":831,"href":"http:\/\/trail.camadeira.com\/index.php?rest_route=\/wp\/v2\/posts\/805\/revisions\/831"}],"wp:attachment":[{"href":"http:\/\/trail.camadeira.com\/index.php?rest_route=%2Fwp%2Fv2%2Fmedia&parent=805"}],"wp:term":[{"taxonomy":"category","embeddable":true,"href":"http:\/\/trail.camadeira.com\/index.php?rest_route=%2Fwp%2Fv2%2Fcategories&post=805"},{"taxonomy":"post_tag","embeddable":true,"href":"http:\/\/trail.camadeira.com\/index.php?rest_route=%2Fwp%2Fv2%2Ftags&post=805"}],"curies":[{"name":"wp","href":"https:\/\/api.w.org\/{rel}","templated":true}]}}