{"id":695,"date":"2013-05-13T17:42:30","date_gmt":"2013-05-13T16:42:30","guid":{"rendered":"http:\/\/trail.camadeira.com\/?p=695"},"modified":"2013-05-13T19:25:45","modified_gmt":"2013-05-13T18:25:45","slug":"goncalo-silva-finisher-na-transvulcanica","status":"publish","type":"post","link":"http:\/\/trail.camadeira.com\/?p=695","title":{"rendered":"Gon\u00e7alo Silva Finisher na TRANSVULC\u00c2NICA"},"content":{"rendered":"<p>Decorreu no passado S\u00e1bado, 11 de maio de 2013, uma das mais importantes provas de trail running do mundo, a TRANSVULC\u00c2NICA, na ilha de LA PALMA, arquip\u00e9lago das Can\u00e1rias.<br \/>\nGon\u00e7alo Silva participou pela primeira vez nesta prova e terminou ap\u00f3s v\u00e1rias dificuldades, como relata na sua p\u00e1gina no facebook: &#8220;<em>TRANSVULCANIA 2013, 17 horas bem sofridas, debaixo de um calor infernal!! 17h passadas apenas a l\u00edquidos sem conseguir hidratar, e com uma valente diarreia para ajudar a festa!!!! Mesmo assim o saldo \u00e9 positivo. Percurso muito t\u00e9cnico, mas muito bonito como o trilho ao longo dos vulc\u00f5es e um p\u00fablico muito efusivo durante toda a prova<\/em>&#8221;<\/p>\n<p>Toda a informa\u00e7\u00e3o da prova no site of\u00edcial do evento <strong><a href=\"http:\/\/www.transvulcania.com\/index.php\/es\/inicio\">Aqui<\/a><\/strong>!<\/p>\n","protected":false},"excerpt":{"rendered":"<p>Decorreu no passado S\u00e1bado, 11 de maio de 2013, uma das mais importantes provas de trail running do mundo, a TRANSVULC\u00c2NICA, na ilha de LA PALMA, arquip\u00e9lago das Can\u00e1rias. Gon\u00e7alo Silva participou pela primeira vez nesta prova e terminou ap\u00f3s v\u00e1rias dificuldades, como relata na sua p\u00e1gina no facebook: &#8220;TRANSVULCANIA 2013, 17 horas bem sofridas, &hellip; <\/p>\n<p><a class=\"more-link btn\" href=\"http:\/\/trail.camadeira.com\/?p=695\">Continue a ler<\/a><\/p>\n","protected":false},"author":1,"featured_media":0,"comment_status":"open","ping_status":"open","sticky":false,"template":"","format":"standard","meta":[],"categories":[1],"tags":[],"_links":{"self":[{"href":"http:\/\/trail.camadeira.com\/index.php?rest_route=\/wp\/v2\/posts\/695"}],"collection":[{"href":"http:\/\/trail.camadeira.com\/index.php?rest_route=\/wp\/v2\/posts"}],"about":[{"href":"http:\/\/trail.camadeira.com\/index.php?rest_route=\/wp\/v2\/types\/post"}],"author":[{"embeddable":true,"href":"http:\/\/trail.camadeira.com\/index.php?rest_route=\/wp\/v2\/users\/1"}],"replies":[{"embeddable":true,"href":"http:\/\/trail.camadeira.com\/index.php?rest_route=%2Fwp%2Fv2%2Fcomments&post=695"}],"version-history":[{"count":3,"href":"http:\/\/trail.camadeira.com\/index.php?rest_route=\/wp\/v2\/posts\/695\/revisions"}],"predecessor-version":[{"id":698,"href":"http:\/\/trail.camadeira.com\/index.php?rest_route=\/wp\/v2\/posts\/695\/revisions\/698"}],"wp:attachment":[{"href":"http:\/\/trail.camadeira.com\/index.php?rest_route=%2Fwp%2Fv2%2Fmedia&parent=695"}],"wp:term":[{"taxonomy":"category","embeddable":true,"href":"http:\/\/trail.camadeira.com\/index.php?rest_route=%2Fwp%2Fv2%2Fcategories&post=695"},{"taxonomy":"post_tag","embeddable":true,"href":"http:\/\/trail.camadeira.com\/index.php?rest_route=%2Fwp%2Fv2%2Ftags&post=695"}],"curies":[{"name":"wp","href":"https:\/\/api.w.org\/{rel}","templated":true}]}}