{"id":681,"date":"2013-03-25T03:22:59","date_gmt":"2013-03-25T02:22:59","guid":{"rendered":"http:\/\/trail.camadeira.com\/?p=681"},"modified":"2013-03-25T03:28:56","modified_gmt":"2013-03-25T02:28:56","slug":"ctrm2013-clube-aventura-em-destaque-no-porto-moniz","status":"publish","type":"post","link":"http:\/\/trail.camadeira.com\/?p=681","title":{"rendered":"CTRM2013 &#8211; Clube Aventura em Destaque no Porto Moniz"},"content":{"rendered":"<p><a href=\"http:\/\/trail.camadeira.com\/wp-content\/uploads\/2013\/03\/DSC05070.jpg\"><img loading=\"lazy\" class=\"aligncenter size-full wp-image-683\" title=\"DSC05070\" src=\"http:\/\/trail.camadeira.com\/wp-content\/uploads\/2013\/03\/DSC05070.jpg\" alt=\"\" width=\"460\" height=\"361\" \/><\/a>O Clube Aventura da Madeira esteve em destaque no I Trail do Porto Moniz, com o primeiro lugar coletivo nos femininos e em segundo nos masculinos.<\/p>\n<p>Em destaque individual esteve Marta Gozalbez, 2.\u00aa na geral feminina e Jo\u00e3o Nunes que foi 4.\u00ba da geral masculina do Trail 36km. Ambos os atletas confirmam as presta\u00e7\u00f5es da primeira prova, melhorando os seus desempenhos perante maior dist\u00e2ncia e com muitos concorrentes de elevado n\u00edvel.<\/p>\n<p>Jos\u00e9 Nunes com 16.\u00ba lugar da geral, conseguiu a segunda posi\u00e7\u00e3o do escal\u00e3o M50.<\/p>\n<p>Os resultados coletivos do Clube Aventura da Madeira foram obtidos por Jo\u00e3o Nunes, Miguel Gon\u00e7alves e Emanuel Costa nos masculinos e Marta Gozalbes, S\u00f3nia Santos e Joana Reis nos femininos.<\/p>\n<p><a href=\"http:\/\/trail.cmofunchal.org\/images\/trailportomoniz2013\/resultadostpm.html\"><strong>Resultados<\/strong><\/a><\/p>\n<p>Resultados dos atletas que representaram o Clube Aventura da Madeira no I Trail do Porto Moniz \u2013 2.\u00aa Prova do CTRM2013<\/p>\n<p>Class \u00a0 \u00a0 \u00a0 Atleta \u00a0 \u00a0 \u00a0 \u00a0 \u00a0 \u00a0 \u00a0 \u00a0 \u00a0 \u00a0 \u00a0 \u00a0 \u00a0 \u00a0 \u00a0 \u00a0 \u00a0 Escal\u00e3o \u00a0 \u00a0 \u00a0 \u00a0 \u00a0 \u00a0 \u00a0 Tempo Final<\/p>\n<pre>4\u00a0\u00a0\u00a0 58 JOAO NUNES\u00a0\u00a0\u00a0\u00a0\u00a0\u00a0\u00a0\u00a0\u00a0 SEN M\u00a0\u00a0\u00a0\u00a0\u00a0\u00a0 \u00a03:34:05<\/pre>\n<pre>5\u00a0\u00a0\u00a0 71 MIGUEL GONCALVES\u00a0\u00a0\u00a0 SEN M\u00a0\u00a0\u00a0\u00a0\u00a0\u00a0 \u00a03:35:39<\/pre>\n<pre>7\u00a0\u00a0\u00a0 75 EMANUEL COSTA\u00a0\u00a0\u00a0\u00a0\u00a0\u00a0 SEN M\u00a0\u00a0\u00a0\u00a0\u00a0\u00a0 \u00a03:38:02<\/pre>\n<pre>11\u00a0\u00a0\u00a0 52 ALIPIO FERRAZ\u00a0\u00a0\u00a0\u00a0\u00a0\u00a0 SEN M\u00a0\u00a0\u00a0\u00a0\u00a0\u00a0 3:43:02<\/pre>\n<pre>16\u00a0\u00a0\u00a0 63 JOSE NUNES\u00a0\u00a0\u00a0\u00a0\u00a0\u00a0\u00a0\u00a0\u00a0 M 50\u00a0\u00a0\u00a0\u00a0\u00a0\u00a0\u00a0 3:48:15<\/pre>\n<pre>20\u00a0\u00a0\u00a0 47 FERNANDO FREITAS\u00a0\u00a0\u00a0 M 40\u00a0\u00a0\u00a0\u00a0\u00a0\u00a0\u00a0 3:59:03<\/pre>\n<pre>21\u00a0\u00a0\u00a0\u00a0 2 JOSE HENRIQUES\u00a0\u00a0\u00a0 \u00a0\u00a0SEN M\u00a0\u00a0\u00a0\u00a0\u00a0\u00a0 4:01:16<\/pre>\n<pre>22\u00a0\u00a0\u00a0 34 DUARTE MENESES\u00a0\u00a0\u00a0\u00a0\u00a0 M 40\u00a0\u00a0\u00a0\u00a0\u00a0\u00a0\u00a0 4:02:09<\/pre>\n<pre>24\u00a0\u00a0\u00a0 42 MAURO GOMES\u00a0\u00a0\u00a0\u00a0\u00a0\u00a0\u00a0\u00a0 M 40\u00a0\u00a0\u00a0\u00a0\u00a0\u00a0\u00a0 4:05:10<\/pre>\n<pre>40\u00a0\u00a0\u00a0 61 MARTA GOZALBEZ\u00a0\u00a0\u00a0\u00a0\u00a0 SEN F\u00a0\u00a0\u00a0\u00a0\u00a0\u00a0 4:27:36<\/pre>\n<pre>43\u00a0\u00a0\u00a0 85 XAVIER VIEIRA\u00a0\u00a0\u00a0\u00a0\u00a0\u00a0 M 40\u00a0\u00a0\u00a0\u00a0\u00a0\u00a0\u00a0 4:35:27<\/pre>\n<pre>47\u00a0\u00a0\u00a0 14 JOAO MENDONCA\u00a0\u00a0\u00a0\u00a0\u00a0\u00a0 M 40\u00a0\u00a0\u00a0\u00a0\u00a0\u00a0\u00a0 4:45:05<\/pre>\n<pre>60\u00a0\u00a0\u00a0\u00a0 5 PEDRO ALVES\u00a0\u00a0\u00a0\u00a0\u00a0\u00a0\u00a0\u00a0 SEN M\u00a0\u00a0\u00a0\u00a0\u00a0\u00a0 5:18:10<\/pre>\n<pre>63\u00a0\u00a0\u00a0 19 AVELINO SILVA\u00a0\u00a0\u00a0\u00a0\u00a0\u00a0 M\u00a0\u00a0\u00a0\u00a0\u00a0 \u00a0\u00a0\u00a0\u00a0\u00a05:23:08<\/pre>\n<pre>69\u00a0\u00a0\u00a0 81 SONIA SANTOS\u00a0\u00a0\u00a0\u00a0\u00a0\u00a0 \u00a0SEN F\u00a0\u00a0\u00a0\u00a0\u00a0\u00a0 5:39:43<\/pre>\n<pre>70\u00a0\u00a0\u00a0 68 MARCO SOUSA\u00a0\u00a0\u00a0\u00a0\u00a0\u00a0 \u00a0\u00a0SEN M\u00a0\u00a0\u00a0\u00a0\u00a0\u00a0 5:45:45<\/pre>\n<pre>76\u00a0\u00a0\u00a0 64 ALEXANDRE NOGUEIRA\u00a0 SEN M\u00a0\u00a0\u00a0\u00a0\u00a0\u00a0 6:15:27<\/pre>\n<pre>81\u00a0\u00a0\u00a0 38 JOANA REIS\u00a0\u00a0\u00a0\u00a0\u00a0\u00a0\u00a0\u00a0\u00a0 SEN F\u00a0\u00a0\u00a0\u00a0\u00a0\u00a0 7:32:36\r\n<a href=\"http:\/\/trail.camadeira.com\/wp-content\/uploads\/2013\/03\/DSC05011.jpg\"><img loading=\"lazy\" class=\"aligncenter size-full wp-image-685\" title=\"DSC05011\" src=\"http:\/\/trail.camadeira.com\/wp-content\/uploads\/2013\/03\/DSC05011.jpg\" alt=\"\" width=\"476\" height=\"356\" srcset=\"http:\/\/trail.camadeira.com\/wp-content\/uploads\/2013\/03\/DSC05011.jpg 1024w, http:\/\/trail.camadeira.com\/wp-content\/uploads\/2013\/03\/DSC05011-300x225.jpg 300w\" sizes=\"(max-width: 476px) 100vw, 476px\" \/><\/a>\r\n<a href=\"http:\/\/trail.camadeira.com\/wp-content\/uploads\/2013\/03\/IMGP8386.jpg\"><img loading=\"lazy\" class=\"aligncenter size-full wp-image-686\" title=\"IMGP8386\" src=\"http:\/\/trail.camadeira.com\/wp-content\/uploads\/2013\/03\/IMGP8386.jpg\" alt=\"\" width=\"474\" height=\"318\" srcset=\"http:\/\/trail.camadeira.com\/wp-content\/uploads\/2013\/03\/IMGP8386.jpg 1024w, http:\/\/trail.camadeira.com\/wp-content\/uploads\/2013\/03\/IMGP8386-300x200.jpg 300w\" sizes=\"(max-width: 474px) 100vw, 474px\" \/><\/a><a href=\"http:\/\/trail.camadeira.com\/wp-content\/uploads\/2013\/03\/DSC05033.jpg\"><img loading=\"lazy\" class=\"aligncenter size-full wp-image-687\" title=\"DSC05033\" src=\"http:\/\/trail.camadeira.com\/wp-content\/uploads\/2013\/03\/DSC05033.jpg\" alt=\"\" width=\"474\" height=\"337\" \/><\/a><\/pre>\n","protected":false},"excerpt":{"rendered":"<p>O Clube Aventura da Madeira esteve em destaque no I Trail do Porto Moniz, com o primeiro lugar coletivo nos femininos e em segundo nos masculinos. Em destaque individual esteve Marta Gozalbez, 2.\u00aa na geral feminina e Jo\u00e3o Nunes que foi 4.\u00ba da geral masculina do Trail 36km. Ambos os atletas confirmam as presta\u00e7\u00f5es da &hellip; <\/p>\n<p><a class=\"more-link btn\" href=\"http:\/\/trail.camadeira.com\/?p=681\">Continue a ler<\/a><\/p>\n","protected":false},"author":1,"featured_media":0,"comment_status":"open","ping_status":"open","sticky":false,"template":"","format":"standard","meta":[],"categories":[1],"tags":[],"_links":{"self":[{"href":"http:\/\/trail.camadeira.com\/index.php?rest_route=\/wp\/v2\/posts\/681"}],"collection":[{"href":"http:\/\/trail.camadeira.com\/index.php?rest_route=\/wp\/v2\/posts"}],"about":[{"href":"http:\/\/trail.camadeira.com\/index.php?rest_route=\/wp\/v2\/types\/post"}],"author":[{"embeddable":true,"href":"http:\/\/trail.camadeira.com\/index.php?rest_route=\/wp\/v2\/users\/1"}],"replies":[{"embeddable":true,"href":"http:\/\/trail.camadeira.com\/index.php?rest_route=%2Fwp%2Fv2%2Fcomments&post=681"}],"version-history":[{"count":5,"href":"http:\/\/trail.camadeira.com\/index.php?rest_route=\/wp\/v2\/posts\/681\/revisions"}],"predecessor-version":[{"id":690,"href":"http:\/\/trail.camadeira.com\/index.php?rest_route=\/wp\/v2\/posts\/681\/revisions\/690"}],"wp:attachment":[{"href":"http:\/\/trail.camadeira.com\/index.php?rest_route=%2Fwp%2Fv2%2Fmedia&parent=681"}],"wp:term":[{"taxonomy":"category","embeddable":true,"href":"http:\/\/trail.camadeira.com\/index.php?rest_route=%2Fwp%2Fv2%2Fcategories&post=681"},{"taxonomy":"post_tag","embeddable":true,"href":"http:\/\/trail.camadeira.com\/index.php?rest_route=%2Fwp%2Fv2%2Ftags&post=681"}],"curies":[{"name":"wp","href":"https:\/\/api.w.org\/{rel}","templated":true}]}}