{"id":673,"date":"2013-02-14T23:20:24","date_gmt":"2013-02-14T22:20:24","guid":{"rendered":"http:\/\/trail.camadeira.com\/?p=673"},"modified":"2013-02-15T09:36:18","modified_gmt":"2013-02-15T08:36:18","slug":"joao-nunes-em-destaque-no-trail-do-canical-10-fev","status":"publish","type":"post","link":"http:\/\/trail.camadeira.com\/?p=673","title":{"rendered":"Jo\u00e3o Nunes em destaque no Trail do Cani\u00e7al &#8211; 10 Fev"},"content":{"rendered":"<p><strong>Jo\u00e3o Nunes e Marta Goz\u00e1lbez em destaque entre os atletas do Clube Aventura da Madeira<\/strong><\/p>\n<p><strong>Circuito de Trail Running 2013 abre primeiro calend\u00e1rio competitivo da modalidade na Madeira<\/strong><\/p>\n<p><strong><a href=\"http:\/\/trail.camadeira.com\/wp-content\/uploads\/2013\/02\/DSC02090.jpg\"><img loading=\"lazy\" class=\"aligncenter size-large wp-image-678\" title=\"DSC02090\" src=\"http:\/\/trail.camadeira.com\/wp-content\/uploads\/2013\/02\/DSC02090-1024x698.jpg\" alt=\"\" width=\"489\" height=\"332\" srcset=\"http:\/\/trail.camadeira.com\/wp-content\/uploads\/2013\/02\/DSC02090-1024x698.jpg 1024w, http:\/\/trail.camadeira.com\/wp-content\/uploads\/2013\/02\/DSC02090-300x204.jpg 300w, http:\/\/trail.camadeira.com\/wp-content\/uploads\/2013\/02\/DSC02090.jpg 1580w\" sizes=\"(max-width: 489px) 100vw, 489px\" \/><\/a><br \/>\n<\/strong><\/p>\n<p>No passado dia 10 de fevereiro, realizou-se a primeira prova pontu\u00e1vel para o Circuito de Trail Running Madeira 2013, na zona da Ponta de S\u00e3o Louren\u00e7o. O Trail do Cani\u00e7al Parque Natural da Madeira foi uma organiza\u00e7\u00e3o do Ludens Clube de Machico e contou com 154 atletas, 15 dos quais representando o Clube Aventura da Madeira.<\/p>\n<p>Manuel Faria (1:57:14) e Cristina Nascimento (2:35:26) foram os vencedores absolutos deste trail com 23,2km de extens\u00e3o e a rondar os 800 metros de desn\u00edvel positivo acumulado.<\/p>\n<p>Entre os atletas do Clube Aventura da Madeira, Jo\u00e3o Nunes obteve um excelente resultado surpreendendo alguns advers\u00e1rios no evoluir do percurso. Terminou na 5.\u00aa posi\u00e7\u00e3o da geral com 2:06:58, e 4.\u00ba nos Sen. Masculinos. No p\u00f3dio do Clube Aventura da Madeira seguiram-se Duarte Meneses 24.\u00ba da geral e Fernando Freitas 26.\u00ba. Destaque ainda para Jos\u00e9 Nunes que foi ao p\u00f3dio no escal\u00e3o M50, na 3.\u00aa posi\u00e7\u00e3o, seguido por Orlando Cardoso na 4.\u00aa posi\u00e7\u00e3o.<\/p>\n<p>Nos Femininos, Marta Goz\u00e1lbez foi a melhor atleta do Clube Aventura da Madeira, terminou na 6.\u00aa posi\u00e7\u00e3o da geral feminina com 3:09:35, seguida da colega de equipa S\u00f3nia Santos com o tempo de 3:12:20.<\/p>\n<table style=\"height: 512px;\" border=\"0\" cellspacing=\"0\" cellpadding=\"0\" width=\"504\">\n<tbody>\n<tr>\n<td width=\"58\" valign=\"bottom\">Class.   Absoluta<\/td>\n<td width=\"57\" valign=\"bottom\">Tempo Final<\/td>\n<td width=\"57\" valign=\"bottom\">Class Escal\u00e3o<\/td>\n<td width=\"85\" valign=\"bottom\">Atleta<\/td>\n<td width=\"113\" valign=\"bottom\">Clube<\/td>\n<td width=\"94\" valign=\"bottom\">Escal\u00e3o<\/td>\n<\/tr>\n<tr style=\"text-align: center;\">\n<td width=\"58\" valign=\"bottom\">5\u00ba<\/td>\n<td width=\"57\" valign=\"bottom\"><strong>2:06:58<\/strong><\/td>\n<td width=\"57\" valign=\"bottom\"><strong>4<\/strong><\/td>\n<td width=\"85\" valign=\"bottom\">Jo\u00e3o Nunes<\/td>\n<td width=\"113\" valign=\"bottom\">Clube Aventura da Madeira<\/td>\n<td width=\"94\" valign=\"bottom\">Seniores (18-39)<\/td>\n<\/tr>\n<tr style=\"text-align: center;\">\n<td width=\"58\" valign=\"bottom\">24\u00ba<\/td>\n<td width=\"57\" valign=\"bottom\"><strong>2:22:42<\/strong><\/td>\n<td width=\"57\" valign=\"bottom\"><strong>8<\/strong><\/td>\n<td width=\"85\" valign=\"bottom\">Duarte Meneses<\/td>\n<td width=\"113\" valign=\"bottom\">Clube Aventura da Madeira<\/td>\n<td width=\"94\" valign=\"bottom\">M40 (40-49)<\/td>\n<\/tr>\n<tr style=\"text-align: center;\">\n<td width=\"58\" valign=\"bottom\">26\u00ba<\/td>\n<td width=\"57\" valign=\"bottom\"><strong>2:23:15<\/strong><\/td>\n<td width=\"57\" valign=\"bottom\"><strong>10<\/strong><\/td>\n<td width=\"85\" valign=\"bottom\">Fernando Freitas<\/td>\n<td width=\"113\" valign=\"bottom\">Clube Aventura da Madeira<\/td>\n<td width=\"94\" valign=\"bottom\">M40 (40-49)<\/td>\n<\/tr>\n<tr style=\"text-align: center;\">\n<td width=\"58\" valign=\"bottom\">27\u00ba<\/td>\n<td width=\"57\" valign=\"bottom\"><strong>2:23:51<\/strong><\/td>\n<td width=\"57\" valign=\"bottom\"><strong>3<\/strong><\/td>\n<td width=\"85\" valign=\"bottom\">Jos\u00e9 Ant\u00f3nio Nunes<\/td>\n<td width=\"113\" valign=\"bottom\">Clube Aventura da Madeira<\/td>\n<td width=\"94\" valign=\"bottom\">M50 (50-59)<\/td>\n<\/tr>\n<tr style=\"text-align: center;\">\n<td width=\"58\" valign=\"bottom\">34\u00ba<\/td>\n<td width=\"57\" valign=\"bottom\"><strong>2:29:30<\/strong><\/td>\n<td width=\"57\" valign=\"bottom\"><strong>21<\/strong><\/td>\n<td width=\"85\" valign=\"bottom\">Jos\u00e9 Henriques<\/td>\n<td width=\"113\" valign=\"bottom\">Clube Aventura da Madeira<\/td>\n<td width=\"94\" valign=\"bottom\">Seniores (18-39)<\/td>\n<\/tr>\n<tr style=\"text-align: center;\">\n<td width=\"58\" valign=\"bottom\">35\u00ba<\/td>\n<td width=\"57\" valign=\"bottom\"><strong>2:30:48<\/strong><\/td>\n<td width=\"57\" valign=\"bottom\"><strong>11<\/strong><\/td>\n<td width=\"85\" valign=\"bottom\">Mauro Angelo\u00a0 Gomes<\/td>\n<td width=\"113\" valign=\"bottom\">Clube Aventura da Madeira<\/td>\n<td width=\"94\" valign=\"bottom\">M40 (40-49)<\/td>\n<\/tr>\n<tr style=\"text-align: center;\">\n<td width=\"58\" valign=\"bottom\">44\u00ba<\/td>\n<td width=\"57\" valign=\"bottom\"><strong>2:34:52<\/strong><\/td>\n<td width=\"57\" valign=\"bottom\"><strong>4<\/strong><\/td>\n<td width=\"85\" valign=\"bottom\">Orlando Cardoso<\/td>\n<td width=\"113\" valign=\"bottom\">Clube Aventura da Madeira<\/td>\n<td width=\"94\" valign=\"bottom\">M50 (50-59)<\/td>\n<\/tr>\n<tr style=\"text-align: center;\">\n<td width=\"58\" valign=\"bottom\">48\u00ba<\/td>\n<td width=\"57\" valign=\"bottom\"><strong>2:35:32<\/strong><\/td>\n<td width=\"57\" valign=\"bottom\"><strong>16<\/strong><\/td>\n<td width=\"85\" valign=\"bottom\">Jo\u00e3o Mendon\u00e7a<\/td>\n<td width=\"113\" valign=\"bottom\">Clube Aventura da Madeira<\/td>\n<td width=\"94\" valign=\"bottom\">M40 (40-49)<\/td>\n<\/tr>\n<tr style=\"text-align: center;\">\n<td width=\"58\" valign=\"bottom\">83\u00ba<\/td>\n<td width=\"57\" valign=\"bottom\"><strong>2:57:18<\/strong><\/td>\n<td width=\"57\" valign=\"bottom\"><strong>9<\/strong><\/td>\n<td width=\"85\" valign=\"bottom\">Jo\u00e3o Soares<\/td>\n<td width=\"113\" valign=\"bottom\">Clube Aventura da Madeira<\/td>\n<td width=\"94\" valign=\"bottom\">M50 (50-59)<\/td>\n<\/tr>\n<tr style=\"text-align: center;\">\n<td width=\"58\" valign=\"bottom\">98\u00ba<\/td>\n<td width=\"57\" valign=\"bottom\"><strong>3:05:28<\/strong><\/td>\n<td width=\"57\" valign=\"bottom\"><strong>60<\/strong><\/td>\n<td width=\"85\" valign=\"bottom\">Avelino Silva<\/td>\n<td width=\"113\" valign=\"bottom\">Clube Aventura da Madeira<\/td>\n<td width=\"94\" valign=\"bottom\">Seniores (18-39)<\/td>\n<\/tr>\n<tr style=\"text-align: center;\">\n<td width=\"58\" valign=\"bottom\">104\u00ba<\/td>\n<td width=\"57\" valign=\"bottom\"><strong>3:09:35<\/strong><\/td>\n<td width=\"57\" valign=\"bottom\"><strong>4<\/strong><\/td>\n<td width=\"85\" valign=\"bottom\">Marta Goz\u00e1lbez<\/td>\n<td width=\"113\" valign=\"bottom\">Clube Aventura da Madeira<\/td>\n<td width=\"94\" valign=\"bottom\">SenF<\/td>\n<\/tr>\n<tr style=\"text-align: center;\">\n<td width=\"58\" valign=\"bottom\">111\u00ba<\/td>\n<td width=\"57\" valign=\"bottom\"><strong>3:12:20<\/strong><\/td>\n<td width=\"57\" valign=\"bottom\"><strong>5<\/strong><\/td>\n<td width=\"85\" valign=\"bottom\">S\u00f3nia Santos<\/td>\n<td width=\"113\" valign=\"bottom\">Clube Aventura da Madeira<\/td>\n<td width=\"94\" valign=\"bottom\">SenF<\/td>\n<\/tr>\n<tr style=\"text-align: center;\">\n<td width=\"58\" valign=\"bottom\">119\u00ba<\/td>\n<td width=\"57\" valign=\"bottom\"><strong>3:17:29<\/strong><\/td>\n<td width=\"57\" valign=\"bottom\"><strong>75<\/strong><\/td>\n<td width=\"85\" valign=\"bottom\">Jo\u00e3o Canning Clode<\/td>\n<td width=\"113\" valign=\"bottom\">Clube Aventura da Madeira<\/td>\n<td width=\"94\" valign=\"bottom\">Seniores (18-39)<\/td>\n<\/tr>\n<tr style=\"text-align: center;\">\n<td width=\"58\" valign=\"bottom\">138\u00ba<\/td>\n<td width=\"57\" valign=\"bottom\"><strong>3:55:11<\/strong><\/td>\n<td width=\"57\" valign=\"bottom\"><strong>85<\/strong><\/td>\n<td width=\"85\" valign=\"bottom\">Alexandre Nogueira<\/td>\n<td width=\"113\" valign=\"bottom\">Clube Aventura da Madeira<\/td>\n<td width=\"94\" valign=\"bottom\">Seniores (18-39)<\/td>\n<\/tr>\n<tr>\n<td width=\"58\" valign=\"bottom\"><\/td>\n<td width=\"57\" valign=\"bottom\"><strong>FTL<\/strong><\/td>\n<td width=\"57\" valign=\"bottom\"><strong>&#8211;<\/strong><\/td>\n<td width=\"85\" valign=\"bottom\">Sandra Fontes<\/td>\n<td width=\"113\" valign=\"bottom\">Clube Aventura da Madeira<\/td>\n<td width=\"94\" valign=\"bottom\">SenF<\/td>\n<\/tr>\n<tr>\n<td width=\"58\"><\/td>\n<td width=\"57\" valign=\"bottom\"><strong>DNF<\/strong><\/td>\n<td width=\"57\" valign=\"bottom\"><strong>&#8211;<\/strong><\/td>\n<td width=\"85\" valign=\"bottom\">Pedro\u00a0 Alves<\/td>\n<td width=\"113\" valign=\"bottom\">Clube Aventura da Madeira<\/td>\n<td width=\"94\" valign=\"bottom\">Seniores (18-39)<\/td>\n<\/tr>\n<\/tbody>\n<\/table>\n","protected":false},"excerpt":{"rendered":"<p>Jo\u00e3o Nunes e Marta Goz\u00e1lbez em destaque entre os atletas do Clube Aventura da Madeira Circuito de Trail Running 2013 abre primeiro calend\u00e1rio competitivo da modalidade na Madeira No passado dia 10 de fevereiro, realizou-se a primeira prova pontu\u00e1vel para o Circuito de Trail Running Madeira 2013, na zona da Ponta de S\u00e3o Louren\u00e7o. O &hellip; <\/p>\n<p><a class=\"more-link btn\" href=\"http:\/\/trail.camadeira.com\/?p=673\">Continue a ler<\/a><\/p>\n","protected":false},"author":1,"featured_media":0,"comment_status":"open","ping_status":"open","sticky":false,"template":"","format":"standard","meta":[],"categories":[1],"tags":[],"_links":{"self":[{"href":"http:\/\/trail.camadeira.com\/index.php?rest_route=\/wp\/v2\/posts\/673"}],"collection":[{"href":"http:\/\/trail.camadeira.com\/index.php?rest_route=\/wp\/v2\/posts"}],"about":[{"href":"http:\/\/trail.camadeira.com\/index.php?rest_route=\/wp\/v2\/types\/post"}],"author":[{"embeddable":true,"href":"http:\/\/trail.camadeira.com\/index.php?rest_route=\/wp\/v2\/users\/1"}],"replies":[{"embeddable":true,"href":"http:\/\/trail.camadeira.com\/index.php?rest_route=%2Fwp%2Fv2%2Fcomments&post=673"}],"version-history":[{"count":6,"href":"http:\/\/trail.camadeira.com\/index.php?rest_route=\/wp\/v2\/posts\/673\/revisions"}],"predecessor-version":[{"id":680,"href":"http:\/\/trail.camadeira.com\/index.php?rest_route=\/wp\/v2\/posts\/673\/revisions\/680"}],"wp:attachment":[{"href":"http:\/\/trail.camadeira.com\/index.php?rest_route=%2Fwp%2Fv2%2Fmedia&parent=673"}],"wp:term":[{"taxonomy":"category","embeddable":true,"href":"http:\/\/trail.camadeira.com\/index.php?rest_route=%2Fwp%2Fv2%2Fcategories&post=673"},{"taxonomy":"post_tag","embeddable":true,"href":"http:\/\/trail.camadeira.com\/index.php?rest_route=%2Fwp%2Fv2%2Ftags&post=673"}],"curies":[{"name":"wp","href":"https:\/\/api.w.org\/{rel}","templated":true}]}}