{"id":653,"date":"2012-08-28T00:28:32","date_gmt":"2012-08-27T23:28:32","guid":{"rendered":"http:\/\/trail.camadeira.com\/?p=653"},"modified":"2012-08-28T00:32:22","modified_gmt":"2012-08-27T23:32:22","slug":"goncalo-silva-e-pedro-alves-na-petite-trotte-a-leon-290km-22000d","status":"publish","type":"post","link":"http:\/\/trail.camadeira.com\/?p=653","title":{"rendered":"Gon\u00e7alo Silva e Pedro Alves na &#8220;Petite Trotte \u00e0 L\u00e9on&#8221; &#8211; 290km &#8211; 22000D+"},"content":{"rendered":"<div><a href=\"http:\/\/trail.camadeira.com\/wp-content\/uploads\/2012\/08\/IMG_7905-c\u00f3pia.jpg\"><img loading=\"lazy\" class=\"aligncenter size-full wp-image-654\" title=\"IMG_7905 c\u00f3pia\" src=\"http:\/\/trail.camadeira.com\/wp-content\/uploads\/2012\/08\/IMG_7905-c\u00f3pia.jpg\" alt=\"\" width=\"467\" height=\"348\" srcset=\"http:\/\/trail.camadeira.com\/wp-content\/uploads\/2012\/08\/IMG_7905-c\u00f3pia.jpg 800w, http:\/\/trail.camadeira.com\/wp-content\/uploads\/2012\/08\/IMG_7905-c\u00f3pia-300x224.jpg 300w\" sizes=\"(max-width: 467px) 100vw, 467px\" \/><\/a><\/div>\n<div>A Petite Trotte \u00e0 L\u00e9on \u00e9 uma das  provas do Ultra Trail do Mont Blanc: 290 km de percurso, 22 000 D+,  come\u00e7a aos 1000 m e alcan\u00e7a os 3100m de altitude. T\u00eam v\u00e1rias barreiras  hor\u00e1rias ao longo do percurso, sendo a partida \u00e0s 22h do dia 27 de  Agosto e a chegada dia 2 de Setembro \u00e0s 16h.<\/div>\n<div>\u00c9  uma prova em autonomia, sem abastecimetos e um percurso n\u00e3o  balizado, sendo o uso de gps, mapas e roadbook obrigat\u00f3rio. Outros  equipamentos obrigat\u00f3rios s\u00e3o: a tenda, kit primeiros socorros e um gps  fornecido pela organiza\u00e7\u00e3o para precisar a localiza\u00e7\u00e3o dos trailers.<\/div>\n<div>O  percurso inicia-se em Chamonix, sendo o primeiro posto de controle em  Champex (Sui\u00e7a), o segundo em Morgex (It\u00e1lia) e o terceiro e \u00faltimo em  Chamonix (Fran\u00e7a).<\/div>\n<div>Mais informa\u00e7\u00e3o no site da prova:<\/div>\n<p><a href=\"http:\/\/ultratrailmb.com\/\" target=\"_blank\">http:\/\/ultratrailmb.com<\/a><\/p>\n<p>A organiza\u00e7\u00e3o disponibiliza imagens em directo, da partida, reportagens,&#8230; em :<br \/>\n<a href=\"http:\/\/ultratrail.tv\/\" target=\"_blank\">http:\/\/ultratrail.tv<\/a><\/p>\n<p>Seguir a posi\u00e7\u00e3o actual atrav\u00e9s do google earth, clicar em &#8220;<a href=\"http:\/\/www.nexxtep.fr\/UTMB\/\" target=\"_blank\">en 3D dans Google Earth<\/a>&#8221; :<br \/>\n<a href=\"http:\/\/ultratrailmb.com\/page\/194\/Suivi_GPS_en_live.html\" target=\"_blank\">http:\/\/ultratrailmb.com\/page\/194\/Suivi_GPS_en_live.html<\/a><\/p>\n","protected":false},"excerpt":{"rendered":"<p>A Petite Trotte \u00e0 L\u00e9on \u00e9 uma das provas do Ultra Trail do Mont Blanc: 290 km de percurso, 22 000 D+, come\u00e7a aos 1000 m e alcan\u00e7a os 3100m de altitude. T\u00eam v\u00e1rias barreiras hor\u00e1rias ao longo do percurso, sendo a partida \u00e0s 22h do dia 27 de Agosto e a chegada dia 2 &hellip; <\/p>\n<p><a class=\"more-link btn\" href=\"http:\/\/trail.camadeira.com\/?p=653\">Continue a ler<\/a><\/p>\n","protected":false},"author":1,"featured_media":0,"comment_status":"open","ping_status":"open","sticky":false,"template":"","format":"standard","meta":[],"categories":[1],"tags":[],"_links":{"self":[{"href":"http:\/\/trail.camadeira.com\/index.php?rest_route=\/wp\/v2\/posts\/653"}],"collection":[{"href":"http:\/\/trail.camadeira.com\/index.php?rest_route=\/wp\/v2\/posts"}],"about":[{"href":"http:\/\/trail.camadeira.com\/index.php?rest_route=\/wp\/v2\/types\/post"}],"author":[{"embeddable":true,"href":"http:\/\/trail.camadeira.com\/index.php?rest_route=\/wp\/v2\/users\/1"}],"replies":[{"embeddable":true,"href":"http:\/\/trail.camadeira.com\/index.php?rest_route=%2Fwp%2Fv2%2Fcomments&post=653"}],"version-history":[{"count":5,"href":"http:\/\/trail.camadeira.com\/index.php?rest_route=\/wp\/v2\/posts\/653\/revisions"}],"predecessor-version":[{"id":659,"href":"http:\/\/trail.camadeira.com\/index.php?rest_route=\/wp\/v2\/posts\/653\/revisions\/659"}],"wp:attachment":[{"href":"http:\/\/trail.camadeira.com\/index.php?rest_route=%2Fwp%2Fv2%2Fmedia&parent=653"}],"wp:term":[{"taxonomy":"category","embeddable":true,"href":"http:\/\/trail.camadeira.com\/index.php?rest_route=%2Fwp%2Fv2%2Fcategories&post=653"},{"taxonomy":"post_tag","embeddable":true,"href":"http:\/\/trail.camadeira.com\/index.php?rest_route=%2Fwp%2Fv2%2Ftags&post=653"}],"curies":[{"name":"wp","href":"https:\/\/api.w.org\/{rel}","templated":true}]}}