{"id":647,"date":"2012-08-16T10:48:55","date_gmt":"2012-08-16T09:48:55","guid":{"rendered":"http:\/\/trail.camadeira.com\/?p=647"},"modified":"2012-08-16T10:54:43","modified_gmt":"2012-08-16T09:54:43","slug":"i-trail-santana-madeira-biosfera-2-set-2012","status":"publish","type":"post","link":"http:\/\/trail.camadeira.com\/?p=647","title":{"rendered":"I Trail Santana Madeira Biosfera &#8211; 2 Set. 2012"},"content":{"rendered":"<p><a href=\"http:\/\/trail.camadeira.com\/wp-content\/uploads\/2012\/08\/TRAIL_SANTANA-A4_RGB110.jpg\"><img loading=\"lazy\" class=\"aligncenter size-full wp-image-650\" title=\"TRAIL_SANTANA A4_RGB110\" src=\"http:\/\/trail.camadeira.com\/wp-content\/uploads\/2012\/08\/TRAIL_SANTANA-A4_RGB110.jpg\" alt=\"\" width=\"462\" height=\"654\" srcset=\"http:\/\/trail.camadeira.com\/wp-content\/uploads\/2012\/08\/TRAIL_SANTANA-A4_RGB110.jpg 565w, http:\/\/trail.camadeira.com\/wp-content\/uploads\/2012\/08\/TRAIL_SANTANA-A4_RGB110-211x300.jpg 211w\" sizes=\"(max-width: 462px) 100vw, 462px\" \/><\/a><\/p>\n<p>O Clube Aventura da Madeira apresenta a primeira edi\u00e7\u00e3o do Trail  Santana Madeira Biosfera, que pretende proporcionar uma atividade  desportiva em contato com a Natureza, e neste particular, fazer uma  liga\u00e7\u00e3o entre o ambiente urbano e rural da Cidade de Santana com o mais  puro e preservado espa\u00e7o natural deste concelho, que \u00e9 a floresta  Laurissilva e as suas zonas montanhosas, nas serras do Pico Ruivo.<\/p>\n<p>O concelho de Santana \u00e9 Reserva Mundial da Biosfera da UNESCO pela  riqueza da fauna e da flora, que incorpora um elevado grau end\u00e9mico e  uma representa\u00e7\u00e3o integral das unidades ecol\u00f3gicas da ilha da Madeira.  Apresenta importantes ecossistemas marinhos e a floresta Laurissilva,  mantem atividade tur\u00edstica, mas a agricultura \u00e9 dominante.<\/p>\n<p>Numa perspetiva de promover o Desporto Para Todos, a organiza\u00e7\u00e3o  disponibiliza tr\u00eas dist\u00e2ncias que ir\u00e3o decorrer em simult\u00e2neo, o I Trail  Santana Madeira Biosfera (TSMB-32KM), o Trail Santana Rural (TSR \u2013  19KM) e o Mini Trail TSMB\/Passeio \u2013 11km.<\/p>\n<p>O Trail Running \u00e9 uma modalidade recente, de corrida t\u00e9cnica, que tem  terreno preferencial caminhos e trilhos de montanha, de piso variado,  por vezes irregular e escorregadio. As provas t\u00eam diferentes dist\u00e2ncias,  normalmente longas, que aliadas \u00e0 orografia com elevados desn\u00edveis  acumulados, condi\u00e7\u00f5es meteorol\u00f3gicas dif\u00edceis, caracter\u00edsticas t\u00e9cnicas  de progress\u00e3o, longa dura\u00e7\u00e3o, tornam as competi\u00e7\u00f5es exigentes e  destinadas exclusivamente a participantes respons\u00e1veis, com capacidade  f\u00edsica e psicol\u00f3gica adequadas e conscientes das suas capacidades.<\/p>\n<p><a href=\"http:\/\/trailrunning.camadeira.com\/\"><strong>Informa\u00e7\u00f5es e inscri\u00e7\u00f5es <\/strong><\/a><\/p>\n","protected":false},"excerpt":{"rendered":"<p>O Clube Aventura da Madeira apresenta a primeira edi\u00e7\u00e3o do Trail Santana Madeira Biosfera, que pretende proporcionar uma atividade desportiva em contato com a Natureza, e neste particular, fazer uma liga\u00e7\u00e3o entre o ambiente urbano e rural da Cidade de Santana com o mais puro e preservado espa\u00e7o natural deste concelho, que \u00e9 a floresta &hellip; <\/p>\n<p><a class=\"more-link btn\" href=\"http:\/\/trail.camadeira.com\/?p=647\">Continue a ler<\/a><\/p>\n","protected":false},"author":1,"featured_media":0,"comment_status":"open","ping_status":"open","sticky":false,"template":"","format":"standard","meta":[],"categories":[1],"tags":[],"_links":{"self":[{"href":"http:\/\/trail.camadeira.com\/index.php?rest_route=\/wp\/v2\/posts\/647"}],"collection":[{"href":"http:\/\/trail.camadeira.com\/index.php?rest_route=\/wp\/v2\/posts"}],"about":[{"href":"http:\/\/trail.camadeira.com\/index.php?rest_route=\/wp\/v2\/types\/post"}],"author":[{"embeddable":true,"href":"http:\/\/trail.camadeira.com\/index.php?rest_route=\/wp\/v2\/users\/1"}],"replies":[{"embeddable":true,"href":"http:\/\/trail.camadeira.com\/index.php?rest_route=%2Fwp%2Fv2%2Fcomments&post=647"}],"version-history":[{"count":3,"href":"http:\/\/trail.camadeira.com\/index.php?rest_route=\/wp\/v2\/posts\/647\/revisions"}],"predecessor-version":[{"id":652,"href":"http:\/\/trail.camadeira.com\/index.php?rest_route=\/wp\/v2\/posts\/647\/revisions\/652"}],"wp:attachment":[{"href":"http:\/\/trail.camadeira.com\/index.php?rest_route=%2Fwp%2Fv2%2Fmedia&parent=647"}],"wp:term":[{"taxonomy":"category","embeddable":true,"href":"http:\/\/trail.camadeira.com\/index.php?rest_route=%2Fwp%2Fv2%2Fcategories&post=647"},{"taxonomy":"post_tag","embeddable":true,"href":"http:\/\/trail.camadeira.com\/index.php?rest_route=%2Fwp%2Fv2%2Ftags&post=647"}],"curies":[{"name":"wp","href":"https:\/\/api.w.org\/{rel}","templated":true}]}}