{"id":630,"date":"2012-06-13T11:47:01","date_gmt":"2012-06-13T10:47:01","guid":{"rendered":"http:\/\/trail.camadeira.com\/?p=630"},"modified":"2012-06-14T02:43:08","modified_gmt":"2012-06-14T01:43:08","slug":"trail-ganha-forca-com-realizacao-do-madeira-island-ultra-trail","status":"publish","type":"post","link":"http:\/\/trail.camadeira.com\/?p=630","title":{"rendered":"Trail ganha for\u00e7a com a realiza\u00e7\u00e3o do Madeira Island Ultra Trail"},"content":{"rendered":"<p><a href=\"http:\/\/trail.camadeira.com\/wp-content\/uploads\/2012\/06\/DSC07128.jpg\"><img loading=\"lazy\" class=\"size-full wp-image-633  aligncenter\" title=\"DSC07128\" src=\"http:\/\/trail.camadeira.com\/wp-content\/uploads\/2012\/06\/DSC07128.jpg\" alt=\"\" width=\"464\" height=\"286\" \/><\/a><\/p>\n<p>A realiza\u00e7\u00e3o do Madeira Island Ultra Trail\u00a0 mobilizou muitos\u00a0madeirenses para o desporto na natureza e confirmou o potencial natural da Madeira para a realiza\u00e7\u00e3o de eventos do g\u00e9nero.<\/p>\n<p>Cerca de tr\u00eas centenas de participantes, de 16 paises, \u00a0distribuidos por tr\u00eas dist\u00e2ncias, Ultra Trail 102km,\u00a0 Trail Costa da Laurissilva 56km\u00a0e Trail Sport Life 25km MIUT2012, aceitaram o repto do Clube de Montanha do Funchal e desafiaram os seus limites de resist\u00eancia f\u00edsica e psicol\u00f3gica, num grande evento de trail, que a Ilha da Madeira presenciou no passado dia 9 de Junho.<\/p>\n<p style=\"text-align: center;\"><a href=\"http:\/\/trail.camadeira.com\/wp-content\/uploads\/2012\/06\/DSC07167.jpg\"><img loading=\"lazy\" class=\"size-full wp-image-641  aligncenter\" title=\"DSC07167\" src=\"http:\/\/trail.camadeira.com\/wp-content\/uploads\/2012\/06\/DSC07167.jpg\" alt=\"\" width=\"455\" height=\"288\" \/><\/a><\/p>\n<p style=\"text-align: justify;\">A prova principal\u00a0com cerca de 102 km de extens\u00e3o e\u00a06090 mts\u00a0de desn\u00edvel positivo revelou-se um verdadeiro desafio de supera\u00e7\u00e3o fisica e psicol\u00f3gica! Iniciou-se \u00e0s\u00a000h00 de S\u00e1bado,\u00a0numa noite algo fresca mas com c\u00e9u limpo, que terminou com um nascer\u00a0 do Sol memor\u00e1vel, para muitos,\u00a0a percorrer as montanhas mais altas da ilha, entre o Pico do Areeiro e a Encumeada.\u00a0Depois, seguiram-se paisagens grandiosas, entercaladas por travessias\u00a0na Floresta Laurissilva, e duas\u00a0descidas e duas subidas que ficar\u00e3o na mem\u00f3ra de todos: Ros\u00e1rio &#8211; Estanquinhos e Ch\u00e3o da Ribeira do Seixal\u00a0&#8211; Fanal!\u00a0O final, com a meta muito pr\u00f3xim, o \u00faltimo grande obst\u00e1culo\u00a0\u00a0relatado por muitos ter\u00e1 sido a descida at\u00e9 \u00e0 ponte sobre a Ribeira da Janela. A maior alegria, cortar a meta! Mas muitas outras experi\u00eancias ter\u00e3o sido vividas e registadas para sempre na mem\u00f3ria dos participantes!<\/p>\n<p>Armando Teixeira e Ros\u00e1lia Guarischi foram os grandes vencedores do Ultra Trail.<\/p>\n<p><a href=\"http:\/\/trail.camadeira.com\/wp-content\/uploads\/2012\/06\/DSC07131.jpg\"><img loading=\"lazy\" class=\"aligncenter size-full wp-image-639\" title=\"DSC07131\" src=\"http:\/\/trail.camadeira.com\/wp-content\/uploads\/2012\/06\/DSC07131.jpg\" alt=\"\" width=\"467\" height=\"264\" \/><\/a><\/p>\n<p><strong>Classifica\u00e7\u00f5es Finais<\/strong><\/p>\n<p><strong>ULTRA TRAIL<\/strong><\/p>\n<p>1\u00a0\u00a0\u00a0 101 ARMANDO TEIXEIRA ( SALOMON PORTUGAL) SEN M PORTUGAL &#8211; 12:49:55<br \/>\n2\u00a0\u00a0\u00a0 103 JOSE LUIS GALLEGO (TENERIFE TRAIL)VET M I\u00a0 SPAIN &#8211; 14:11:45<br \/>\n3\u00a0\u00a0\u00a0 111 MANUEL LAGO(ML MIX RUN)SEN MBRAZIL-15:10:23<\/p>\n<p>16\u00a0\u00a0\u00a0 105 ROSALIA GUARISCHI (INDIVIDUAL)SEN F\u00a0\u00a0\u00a0 BRAZIL\u00a0 17:34:51<\/p>\n<p>55\u00a0\u00a0\u00a0 124 CHANTAL XHERVELLE\u00a0 (A.M. CASAL FIGUEIRAS) VET F I\u00a0 BELGIUM 24:05:09<\/p>\n<p>60 136 NOREEN INMAN (INDIVIDUAL) SEN F USA 24:46:30<\/p>\n<p><strong>TRAIL COSTA DA LAURISSILVA<\/strong><\/p>\n<p>1\u00a0\u00a0\u00a0 449 RUBEN GONZALEZ (PENA SANTA-LLAGAR DE JUAN) SEN M SPAIN\u00a0 &#8211; 7:22:25<br \/>\n2\u00a0\u00a0\u00a0 503 TIAGO LOUSA (PSP) SEN M\u00a0\u00a0\u00a0 PORTUGAL &#8211; 8:00:42<br \/>\n3\u00a0\u00a0\u00a0 479 LUIS FERNANDES (LUDENS CLUBE MACHICO) SEN M PORTUGAL &#8211; 8:05:18<\/p>\n<p>1.\u00aa 17\u00a0\u00a0\u00a0 500 PATRICIA LEITE (NUCLEO DE MONTANHA DE ESPINHO) SEN F PORTUGAL &#8211; 10:36:54<br \/>\n2.\u00aa 30\u00a0\u00a0\u00a0 403 NORMA RAMOS (ML MIX RUN) VET F I\u00a0 BRAZIL &#8211; 11:13:16<br \/>\n3.\u00aa 42\u00a0\u00a0\u00a0 431 SONIA PEDALI (INDIVIDUAL)SEN F\u00a0\u00a0\u00a0 SPAIN &#8211; 11:57:14<\/p>\n<p><strong>TRAIL SPORT LIFE<\/strong><\/p>\n<p>1\u00a0LEONARDO DIOGO (CLUBE AVENTURA DA MADEIRA)VET M I PORTUGAL\u00a0 &#8211; 2:12:29<br \/>\n2\u00a0GILBERTO GONCALVES (CASA BIMOTA ) VET M I\u00a0 PORTUGAL &#8211; 2:24:10<br \/>\n3\u00a0CARLOS MOCO (CASA BIMOTA)VET M I\u00a0 PORTUGAL &#8211; 2:25:35<\/p>\n<p>1.\u00aa 14\u00a0\u00a0\u00a0 901 ELENA MORO (INDIVIDUAL) VET F I\u00a0 SPAIN &#8211; 2:45:10<br \/>\n2.\u00aa 31\u00a0\u00a0\u00a0 814 CLAUDIA CAVALCANTE (INDIVIDUAL) VET F I\u00a0 BRAZIL &#8211; 3:22:47<br \/>\n3.\u00aa 34\u00a0\u00a0\u00a0 855 PAULA SOUSA (INDIVIDUAL) SEN F\u00a0\u00a0\u00a0 PORTUGAL &#8211; 3:27:49<\/p>\n<p>Destaque para os atletas que representaram o Clube Aventura da Madeira e obtiveram as seguintes classifica\u00e7\u00f5es:<br \/>\nULTRA TRAIL (102KM)<\/p>\n<p>12\u00a0\u00a0\u00a0 127 MIGUEL GONCALVES\u00a0\u00a0\u00a0\u00a0\u00a0\u00a0\u00a0\u00a0\u00a0\u00a0\u00a0\u00a0\u00a0\u00a0\u00a0 SEN M\u00a0\u00a0\u00a0 PORTUGAL\u00a0\u00a0\u00a0\u00a0\u00a0\u00a0 17:25:21<br \/>\n13\u00a0\u00a0\u00a0 116 EMANUEL COSTA\u00a0\u00a0\u00a0\u00a0\u00a0\u00a0\u00a0\u00a0\u00a0\u00a0\u00a0\u00a0\u00a0SEN M\u00a0\u00a0\u00a0 PORTUGAL\u00a0\u00a0\u00a0\u00a0\u00a0\u00a0 17:25:30<br \/>\n42\u00a0\u00a0\u00a0 164 PEDRO SILVA\u00a0\u00a0\u00a0\u00a0\u00a0\u00a0\u00a0\u00a0\u00a0\u00a0\u00a0\u00a0\u00a0SEN M\u00a0\u00a0\u00a0 PORTUGAL\u00a0\u00a0\u00a0\u00a0\u00a0\u00a0 21:26:36<br \/>\n47\u00a0\u00a0\u00a0 174 HERCULANO PEREIRA\u00a0\u00a0\u00a0\u00a0\u00a0\u00a0\u00a0\u00a0\u00a0\u00a0VET M II PORTUGAL\u00a0\u00a0\u00a0\u00a0\u00a0\u00a0 22:09:24<br \/>\n48\u00a0\u00a0\u00a0 129 JOAO NUNES\u00a0\u00a0\u00a0\u00a0\u00a0\u00a0\u00a0\u00a0\u00a0\u00a0\u00a0\u00a0\u00a0\u00a0\u00a0\u00a0\u00a0\u00a0 SEN M\u00a0\u00a0\u00a0 PORTUGAL\u00a0\u00a0\u00a0\u00a0\u00a0\u00a0 22:09:26<br \/>\n50\u00a0\u00a0\u00a0 165 JOSE NUNES\u00a0\u00a0\u00a0\u00a0\u00a0\u00a0\u00a0\u00a0\u00a0\u00a0\u00a0\u00a0\u00a0\u00a0\u00a0\u00a0\u00a0 VET M 2\u00a0 PORTUGAL\u00a0\u00a0\u00a0\u00a0\u00a0\u00a0 22:20:51<br \/>\n58\u00a0\u00a0\u00a0 161 MAURO GOMES\u00a0\u00a0\u00a0\u00a0\u00a0\u00a0\u00a0\u00a0\u00a0\u00a0\u00a0\u00a0\u00a0\u00a0VET M I\u00a0 PORTUGAL\u00a0\u00a0\u00a0\u00a0\u00a0\u00a0 24:28:39<br \/>\n62\u00a0\u00a0\u00a0 123 JOAO MENDONCA\u00a0\u00a0\u00a0\u00a0\u00a0\u00a0\u00a0\u00a0\u00a0\u00a0\u00a0VET M I\u00a0 PORTUGAL\u00a0\u00a0\u00a0\u00a0\u00a0\u00a0 25:15:18<br \/>\n63\u00a0\u00a0\u00a0 149 ISABEL FAGUNDES\u00a0\u00a0\u00a0\u00a0\u00a0\u00a0\u00a0\u00a0SEN F\u00a0\u00a0\u00a0 PORTUGAL\u00a0\u00a0\u00a0\u00a0\u00a0\u00a0 25:43:43<\/p>\n<p>TRAIL COSTA DA LAURISSILVA (56KM)<\/p>\n<p>11\u00a0\u00a0\u00a0 409 JOSE HENRIQUES\u00a0\u00a0\u00a0\u00a0\u00a0\u00a0\u00a0\u00a0\u00a0\u00a0\u00a0\u00a0\u00a0SEN M\u00a0\u00a0\u00a0 PORTUGAL\u00a0\u00a0\u00a0\u00a0\u00a0\u00a0\u00a0 9:48:58<br \/>\n12\u00a0\u00a0\u00a0 477 XAVIER VIEIRA\u00a0\u00a0\u00a0\u00a0\u00a0\u00a0\u00a0\u00a0\u00a0\u00a0\u00a0\u00a0\u00a0\u00a0VET M I\u00a0 PORTUGAL\u00a0\u00a0\u00a0\u00a0\u00a0\u00a0\u00a0 9:52:20<br \/>\n13\u00a0\u00a0\u00a0 504 FERNANDO FREITAS\u00a0\u00a0\u00a0\u00a0\u00a0\u00a0\u00a0\u00a0\u00a0\u00a0\u00a0 VET M I\u00a0 PORTUGAL\u00a0\u00a0\u00a0\u00a0\u00a0\u00a0\u00a0 9:53:30<br \/>\n38\u00a0\u00a0\u00a0 425 AFONSO FREITAS\u00a0\u00a0\u00a0\u00a0\u00a0\u00a0\u00a0\u00a0\u00a0\u00a0\u00a0\u00a0\u00a0 SEN M\u00a0\u00a0\u00a0 PORTUGAL\u00a0\u00a0\u00a0\u00a0\u00a0\u00a0 11:34:08<br \/>\n43\u00a0\u00a0\u00a0 439 JOAO SOARES\u00a0\u00a0\u00a0\u00a0\u00a0\u00a0\u00a0\u00a0\u00a0\u00a0\u00a0\u00a0\u00a0\u00a0\u00a0\u00a0 VET M I\u00a0 PORTUGAL\u00a0\u00a0\u00a0\u00a0\u00a0\u00a0 11:57:37<br \/>\n61\u00a0\u00a0\u00a0 458 EDSON PEREIRA\u00a0\u00a0\u00a0\u00a0\u00a0\u00a0\u00a0\u00a0\u00a0\u00a0\u00a0\u00a0\u00a0\u00a0 SEN M\u00a0\u00a0\u00a0 PORTUGAL\u00a0\u00a0\u00a0\u00a0\u00a0\u00a0 13:27:51<br \/>\n62\u00a0\u00a0\u00a0 442 RODOLFO VASCONCELOS\u00a0\u00a0\u00a0\u00a0\u00a0\u00a0\u00a0SEN M\u00a0\u00a0\u00a0 PORTUGAL\u00a0\u00a0\u00a0\u00a0\u00a0\u00a0 13:27:57<br \/>\n67\u00a0\u00a0\u00a0 417 AMILCAR GAMELAS\u00a0\u00a0\u00a0\u00a0\u00a0\u00a0\u00a0\u00a0\u00a0\u00a0\u00a0\u00a0 SEN M\u00a0\u00a0\u00a0 PORTUGAL\u00a0\u00a0\u00a0\u00a0\u00a0\u00a0 13:45:44<br \/>\n71\u00a0\u00a0\u00a0 413 MARCO SOUSA\u00a0\u00a0\u00a0\u00a0\u00a0\u00a0\u00a0\u00a0\u00a0\u00a0\u00a0\u00a0\u00a0\u00a0\u00a0\u00a0SEN M\u00a0\u00a0\u00a0 PORTUGAL\u00a0\u00a0\u00a0\u00a0\u00a0\u00a0 14:32:59<\/p>\n<p>TRAIL SPORT\u00a0 LIFE (25KM)<\/p>\n<p>1\u00a0\u00a0\u00a0 822 LEONARDO DIOGO\u00a0\u00a0\u00a0\u00a0\u00a0\u00a0\u00a0\u00a0\u00a0\u00a0\u00a0\u00a0\u00a0VET M I\u00a0 PORTUGAL\u00a0\u00a0\u00a0\u00a0\u00a0\u00a0\u00a0 2:12:29<\/p>\n<p style=\"text-align: justify;\"><a href=\"http:\/\/madeiraultratrail.com\/pten\/index.php\/pt\/\">Site oficial da prova<\/a><\/p>\n<p><a href=\"http:\/\/www.facebook.com\/madeiraultratrail\">Facebook <\/a><\/p>\n","protected":false},"excerpt":{"rendered":"<p>A realiza\u00e7\u00e3o do Madeira Island Ultra Trail\u00a0 mobilizou muitos\u00a0madeirenses para o desporto na natureza e confirmou o potencial natural da Madeira para a realiza\u00e7\u00e3o de eventos do g\u00e9nero. Cerca de tr\u00eas centenas de participantes, de 16 paises, \u00a0distribuidos por tr\u00eas dist\u00e2ncias, Ultra Trail 102km,\u00a0 Trail Costa da Laurissilva 56km\u00a0e Trail Sport Life 25km MIUT2012, aceitaram &hellip; <\/p>\n<p><a class=\"more-link btn\" href=\"http:\/\/trail.camadeira.com\/?p=630\">Continue a ler<\/a><\/p>\n","protected":false},"author":1,"featured_media":0,"comment_status":"open","ping_status":"open","sticky":false,"template":"","format":"standard","meta":[],"categories":[1],"tags":[],"_links":{"self":[{"href":"http:\/\/trail.camadeira.com\/index.php?rest_route=\/wp\/v2\/posts\/630"}],"collection":[{"href":"http:\/\/trail.camadeira.com\/index.php?rest_route=\/wp\/v2\/posts"}],"about":[{"href":"http:\/\/trail.camadeira.com\/index.php?rest_route=\/wp\/v2\/types\/post"}],"author":[{"embeddable":true,"href":"http:\/\/trail.camadeira.com\/index.php?rest_route=\/wp\/v2\/users\/1"}],"replies":[{"embeddable":true,"href":"http:\/\/trail.camadeira.com\/index.php?rest_route=%2Fwp%2Fv2%2Fcomments&post=630"}],"version-history":[{"count":13,"href":"http:\/\/trail.camadeira.com\/index.php?rest_route=\/wp\/v2\/posts\/630\/revisions"}],"predecessor-version":[{"id":646,"href":"http:\/\/trail.camadeira.com\/index.php?rest_route=\/wp\/v2\/posts\/630\/revisions\/646"}],"wp:attachment":[{"href":"http:\/\/trail.camadeira.com\/index.php?rest_route=%2Fwp%2Fv2%2Fmedia&parent=630"}],"wp:term":[{"taxonomy":"category","embeddable":true,"href":"http:\/\/trail.camadeira.com\/index.php?rest_route=%2Fwp%2Fv2%2Fcategories&post=630"},{"taxonomy":"post_tag","embeddable":true,"href":"http:\/\/trail.camadeira.com\/index.php?rest_route=%2Fwp%2Fv2%2Ftags&post=630"}],"curies":[{"name":"wp","href":"https:\/\/api.w.org\/{rel}","templated":true}]}}