{"id":627,"date":"2012-06-08T17:20:28","date_gmt":"2012-06-08T16:20:28","guid":{"rendered":"http:\/\/trail.camadeira.com\/?p=627"},"modified":"2012-06-08T17:21:08","modified_gmt":"2012-06-08T16:21:08","slug":"madeira-island-ultra-trail-parte-de-machico","status":"publish","type":"post","link":"http:\/\/trail.camadeira.com\/?p=627","title":{"rendered":"Madeira Island Ultra Trail parte de Machico"},"content":{"rendered":"<p>Tr\u00eas centenas de participantes distribuidos por tr\u00eas dist\u00e2ncias, Ultra Trail 102km,\u00a0 Trail Costa da Laurissilva 56km\u00a0e Trail Sport Life 25km comp\u00f5e a excelente participa\u00e7\u00e3o e mobiliza\u00e7\u00e3o \u00e0 volta do Madeira Island Ultra Trail MIUT2012, com organiza\u00e7\u00e3o do Clube de Montanha do Funchal.<\/p>\n<p>Esta noite, pelas 00h00 de S\u00e1bado partem os que enfrentam a corrida mais dura, cerca de 102 km de extens\u00e3o, e\u00a06090 mts\u00a0de desn\u00edvel positivo. Amanh\u00e3, pelas 8h00, partir\u00e3o do Pico do Areeiro os participantes no Trail Costa da Laurissilva e pelas 12h nos Assobiadores (Pa\u00fal da Serra), a partida do Trail Sport Life.<\/p>\n<p>Toda a informa\u00e7\u00e3o em:<\/p>\n<p><a href=\"http:\/\/madeiraultratrail.com\/pten\/index.php\/pt\/\">Site oficial da prova<\/a><\/p>\n<p><a href=\"http:\/\/www.facebook.com\/madeiraultratrail\">Facebook <\/a><\/p>\n","protected":false},"excerpt":{"rendered":"<p>Tr\u00eas centenas de participantes distribuidos por tr\u00eas dist\u00e2ncias, Ultra Trail 102km,\u00a0 Trail Costa da Laurissilva 56km\u00a0e Trail Sport Life 25km comp\u00f5e a excelente participa\u00e7\u00e3o e mobiliza\u00e7\u00e3o \u00e0 volta do Madeira Island Ultra Trail MIUT2012, com organiza\u00e7\u00e3o do Clube de Montanha do Funchal. Esta noite, pelas 00h00 de S\u00e1bado partem os que enfrentam a corrida mais &hellip; <\/p>\n<p><a class=\"more-link btn\" href=\"http:\/\/trail.camadeira.com\/?p=627\">Continue a ler<\/a><\/p>\n","protected":false},"author":1,"featured_media":0,"comment_status":"open","ping_status":"open","sticky":false,"template":"","format":"standard","meta":[],"categories":[1],"tags":[],"_links":{"self":[{"href":"http:\/\/trail.camadeira.com\/index.php?rest_route=\/wp\/v2\/posts\/627"}],"collection":[{"href":"http:\/\/trail.camadeira.com\/index.php?rest_route=\/wp\/v2\/posts"}],"about":[{"href":"http:\/\/trail.camadeira.com\/index.php?rest_route=\/wp\/v2\/types\/post"}],"author":[{"embeddable":true,"href":"http:\/\/trail.camadeira.com\/index.php?rest_route=\/wp\/v2\/users\/1"}],"replies":[{"embeddable":true,"href":"http:\/\/trail.camadeira.com\/index.php?rest_route=%2Fwp%2Fv2%2Fcomments&post=627"}],"version-history":[{"count":2,"href":"http:\/\/trail.camadeira.com\/index.php?rest_route=\/wp\/v2\/posts\/627\/revisions"}],"predecessor-version":[{"id":629,"href":"http:\/\/trail.camadeira.com\/index.php?rest_route=\/wp\/v2\/posts\/627\/revisions\/629"}],"wp:attachment":[{"href":"http:\/\/trail.camadeira.com\/index.php?rest_route=%2Fwp%2Fv2%2Fmedia&parent=627"}],"wp:term":[{"taxonomy":"category","embeddable":true,"href":"http:\/\/trail.camadeira.com\/index.php?rest_route=%2Fwp%2Fv2%2Fcategories&post=627"},{"taxonomy":"post_tag","embeddable":true,"href":"http:\/\/trail.camadeira.com\/index.php?rest_route=%2Fwp%2Fv2%2Ftags&post=627"}],"curies":[{"name":"wp","href":"https:\/\/api.w.org\/{rel}","templated":true}]}}