{"id":619,"date":"2012-05-15T00:08:26","date_gmt":"2012-05-14T23:08:26","guid":{"rendered":"http:\/\/trail.camadeira.com\/?p=619"},"modified":"2012-05-15T02:17:37","modified_gmt":"2012-05-15T01:17:37","slug":"70-atletas-correram-montanha-acima-com-calor-intenso","status":"publish","type":"post","link":"http:\/\/trail.camadeira.com\/?p=619","title":{"rendered":"70 atletas correram montanha acima com calor intenso"},"content":{"rendered":"<p>O Clube Aventura da Madeira realizou no passado Domingo, uma exigente corrida de montanha nas serras do Funchal que levou 70 entusiastas do trail a percorrer 6,4km e subir cerca de 600 metros de desn\u00edvel, por caminhos e trilhos muito t\u00e9cnicos, onde por vezes a corrida passava a uma progress\u00e3o a passo muito lento, tal era a inclina\u00e7\u00e3o.<\/p>\n<p>Lu\u00eds Fernandes (LCM) foi o grande vencedor, mas numa disputa apertada com Carlos Ramos (CF Andorinha), que ficou somente a 11 segundos. Miguel Gon\u00e7alves (CAMadeira) foi terceiro a 1:51 do vencedor. Nos femininos, Cristina Perestrelo (CAF\/S\u00e1) venceu destacada com o tempo de 57:47, seguida de Paula Rodrigues (CMoF) a 8:35 e de Anita Roque (Amigos Ducalhau) a 10:54.<\/p>\n<p><a href=\"http:\/\/kmvertical.camadeira.com\/\">Reportagem e resultados<\/a><\/p>\n","protected":false},"excerpt":{"rendered":"<p>O Clube Aventura da Madeira realizou no passado Domingo, uma exigente corrida de montanha nas serras do Funchal que levou 70 entusiastas do trail a percorrer 6,4km e subir cerca de 600 metros de desn\u00edvel, por caminhos e trilhos muito t\u00e9cnicos, onde por vezes a corrida passava a uma progress\u00e3o a passo muito lento, tal &hellip; <\/p>\n<p><a class=\"more-link btn\" href=\"http:\/\/trail.camadeira.com\/?p=619\">Continue a ler<\/a><\/p>\n","protected":false},"author":1,"featured_media":0,"comment_status":"open","ping_status":"open","sticky":false,"template":"","format":"standard","meta":[],"categories":[1],"tags":[],"_links":{"self":[{"href":"http:\/\/trail.camadeira.com\/index.php?rest_route=\/wp\/v2\/posts\/619"}],"collection":[{"href":"http:\/\/trail.camadeira.com\/index.php?rest_route=\/wp\/v2\/posts"}],"about":[{"href":"http:\/\/trail.camadeira.com\/index.php?rest_route=\/wp\/v2\/types\/post"}],"author":[{"embeddable":true,"href":"http:\/\/trail.camadeira.com\/index.php?rest_route=\/wp\/v2\/users\/1"}],"replies":[{"embeddable":true,"href":"http:\/\/trail.camadeira.com\/index.php?rest_route=%2Fwp%2Fv2%2Fcomments&post=619"}],"version-history":[{"count":7,"href":"http:\/\/trail.camadeira.com\/index.php?rest_route=\/wp\/v2\/posts\/619\/revisions"}],"predecessor-version":[{"id":624,"href":"http:\/\/trail.camadeira.com\/index.php?rest_route=\/wp\/v2\/posts\/619\/revisions\/624"}],"wp:attachment":[{"href":"http:\/\/trail.camadeira.com\/index.php?rest_route=%2Fwp%2Fv2%2Fmedia&parent=619"}],"wp:term":[{"taxonomy":"category","embeddable":true,"href":"http:\/\/trail.camadeira.com\/index.php?rest_route=%2Fwp%2Fv2%2Fcategories&post=619"},{"taxonomy":"post_tag","embeddable":true,"href":"http:\/\/trail.camadeira.com\/index.php?rest_route=%2Fwp%2Fv2%2Ftags&post=619"}],"curies":[{"name":"wp","href":"https:\/\/api.w.org\/{rel}","templated":true}]}}