{"id":616,"date":"2012-04-27T14:30:38","date_gmt":"2012-04-27T13:30:38","guid":{"rendered":"http:\/\/trail.camadeira.com\/?p=616"},"modified":"2012-04-27T14:30:38","modified_gmt":"2012-04-27T13:30:38","slug":"km-vertical-do-funchal-2012","status":"publish","type":"post","link":"http:\/\/trail.camadeira.com\/?p=616","title":{"rendered":"&#8220;KM Vertical do Funchal&#8221; 2012"},"content":{"rendered":"<p><a href=\"http:\/\/trail.camadeira.com\/wp-content\/uploads\/2012\/04\/Km-Vertical-do-Funchal-net.jpg\"><img loading=\"lazy\" class=\"aligncenter size-full wp-image-617\" title=\"Km Vertical do Funchal net\" src=\"http:\/\/trail.camadeira.com\/wp-content\/uploads\/2012\/04\/Km-Vertical-do-Funchal-net.jpg\" alt=\"\" width=\"484\" height=\"647\" \/><\/a><\/p>\n<p>O Clube Aventura da Madeira est\u00e1 organizar a segunda edi\u00e7\u00e3o do &#8220;KM Vertical do Funchal&#8221;, uma corrida vertical\u00a0em terrenos de trail,\u00a0prevista decorrer no pr\u00f3ximo dia 13 de Maio de 2012, entre o Monte e a Achada Grande, nas serras do Pico do Areeiro.<\/p>\n<p>Toda a informa\u00e7\u00e3o e inscri\u00e7\u00f5es on-line est\u00e3o dispon\u00edveis no site do evento:<\/p>\n<p><a href=\"http:\/\/kmvertical.camadeira.com\/\">http:\/\/kmvertical.camadeira.com\/<\/a><\/p>\n","protected":false},"excerpt":{"rendered":"<p>O Clube Aventura da Madeira est\u00e1 organizar a segunda edi\u00e7\u00e3o do &#8220;KM Vertical do Funchal&#8221;, uma corrida vertical\u00a0em terrenos de trail,\u00a0prevista decorrer no pr\u00f3ximo dia 13 de Maio de 2012, entre o Monte e a Achada Grande, nas serras do Pico do Areeiro. Toda a informa\u00e7\u00e3o e inscri\u00e7\u00f5es on-line est\u00e3o dispon\u00edveis no site do evento: &hellip; <\/p>\n<p><a class=\"more-link btn\" href=\"http:\/\/trail.camadeira.com\/?p=616\">Continue a ler<\/a><\/p>\n","protected":false},"author":1,"featured_media":0,"comment_status":"open","ping_status":"open","sticky":false,"template":"","format":"standard","meta":[],"categories":[1],"tags":[],"_links":{"self":[{"href":"http:\/\/trail.camadeira.com\/index.php?rest_route=\/wp\/v2\/posts\/616"}],"collection":[{"href":"http:\/\/trail.camadeira.com\/index.php?rest_route=\/wp\/v2\/posts"}],"about":[{"href":"http:\/\/trail.camadeira.com\/index.php?rest_route=\/wp\/v2\/types\/post"}],"author":[{"embeddable":true,"href":"http:\/\/trail.camadeira.com\/index.php?rest_route=\/wp\/v2\/users\/1"}],"replies":[{"embeddable":true,"href":"http:\/\/trail.camadeira.com\/index.php?rest_route=%2Fwp%2Fv2%2Fcomments&post=616"}],"version-history":[{"count":1,"href":"http:\/\/trail.camadeira.com\/index.php?rest_route=\/wp\/v2\/posts\/616\/revisions"}],"predecessor-version":[{"id":618,"href":"http:\/\/trail.camadeira.com\/index.php?rest_route=\/wp\/v2\/posts\/616\/revisions\/618"}],"wp:attachment":[{"href":"http:\/\/trail.camadeira.com\/index.php?rest_route=%2Fwp%2Fv2%2Fmedia&parent=616"}],"wp:term":[{"taxonomy":"category","embeddable":true,"href":"http:\/\/trail.camadeira.com\/index.php?rest_route=%2Fwp%2Fv2%2Fcategories&post=616"},{"taxonomy":"post_tag","embeddable":true,"href":"http:\/\/trail.camadeira.com\/index.php?rest_route=%2Fwp%2Fv2%2Ftags&post=616"}],"curies":[{"name":"wp","href":"https:\/\/api.w.org\/{rel}","templated":true}]}}