{"id":609,"date":"2012-04-27T13:51:06","date_gmt":"2012-04-27T12:51:06","guid":{"rendered":"http:\/\/trail.camadeira.com\/?p=609"},"modified":"2012-04-27T14:15:06","modified_gmt":"2012-04-27T13:15:06","slug":"o-trail-ganhava-novos-adeptos-na-madeira","status":"publish","type":"post","link":"http:\/\/trail.camadeira.com\/?p=609","title":{"rendered":"O Trail ganha novos adeptos na Madeira!"},"content":{"rendered":"<p>O ano 2012 prepara-se para confirmar a corrida por caminhos de montanha, mais conhecida por Trail, como uma das atividades com maior crescimento na ilha da Madeira.<\/p>\n<p>Ainda a trilhar os caminhos de organiza\u00e7\u00e3o como modalidade desportiva de competi\u00e7\u00e3o,\u00a0\u00a0os eventos\u00a0isolados, de clubes\u00a0e empresas, t\u00eam assegurado um continuo crescimento de praticantes de\u00a0Trail, um pouco por todo o mundo.<\/p>\n<p style=\"text-align: justify;\">A ilha da Madeira reune excelentes condi\u00e7\u00f5es naturais\u00a0para a organiza\u00e7\u00e3o de grandes eventos de Trail, orografia acidentada, uma densa rede de caminhos de montanha, com pisos variados, paisagens exuberantes do mar \u00e0 montanha, tudo o que os atletas de trail procuram para exercer a sua supera\u00e7\u00e3o f\u00edsica e psicol\u00f3gica. O Trail\u00a0\u00e9 um produto diferenciador do destino Madeira, promove-a, \u00e9\u00a0capaz de atrair visitantes!<\/p>\n<p style=\"text-align: justify;\">A abrir o ano competitivo, temos\u00a0o I Trail Ludens de Machico, dia 29 de Abril, uma prova de 19km, em circuito, entre o mar e as montanhas do concelho de Machico.<\/p>\n<p style=\"text-align: justify;\">143 Atletas ir\u00e3o partir pelas 8h00 rumo ao Pico do Facho, Levada do Cani\u00e7al, Boca do Risco, Funduras e regresso ao centro de Machico, ap\u00f3s 19km de percurso.<\/p>\n<p style=\"text-align: justify;\">Toda a informa\u00e7\u00e3o do I Trail Ludens Clube de Machico \u00a0<a href=\"http:\/\/ludensmachico.pt\/v08\/index.php?option=com_content&amp;view=article&amp;id=353:i-trail-ludens-machico&amp;catid=38:diversos&amp;Itemid=202\">aqui<\/a><\/p>\n<p style=\"text-align: justify;\">A 2.\u00aa edi\u00e7\u00e3o do\u00a0&#8220;KM Vertical do Funchal&#8221; segue-se no calend\u00e1rio competitivo, dia 13 de Maio. Uma corrida vertical por caminhos de trail, com 1km de desn\u00edvel e 6,4km de extens\u00e3o, espera\u00a0pelos que se inscrevam no evento.<\/p>\n<p style=\"text-align: justify;\">Informa\u00e7\u00e3o e inscri\u00e7\u00f5es online do<a href=\"http:\/\/kmvertical.camadeira.com\/\"> &#8220;KM Vertical do Funchal&#8221;<\/a><\/p>\n<p style=\"text-align: justify;\">A prova rainha do trail na Madeira \u00e9 o &#8220;Madeira Island Ultra Trail&#8221;, com organiza\u00e7\u00e3o do Clube de Montanha do Funchal. Este evento\u00a0ir\u00e1 decorrer dia 9 de Junho, com\u00a0sua 4.\u00aa edi\u00e7\u00e3o, crescendo de ano para ano, mostrando todo o potencial da ilha da Madeira para esta modalidade.<\/p>\n<p style=\"text-align: justify;\">Tr\u00eas corridas est\u00e3o dispon\u00edveis, 0 Ultra-Trail 105km, o Trail 55km e o Trail 25km.<\/p>\n<p style=\"text-align: justify;\">Toda a informa\u00e7\u00e3o e inscri\u00e7\u00f5es em <a href=\"http:\/\/madeiraultratrail.com\/pten\/index.php\/pt\/apresentacao\">Madeira Island Ultra Trail<\/a><\/p>\n<p style=\"text-align: justify;\">Ainda este ano, mais duas provas de Trail est\u00e3o previstas, com organiza\u00e7\u00e3o do Clube Aventura da Madeira.\u00a0Dia 7 de Julho, o I Trail do Funchal e a 2 de Setembro, o I Trail Santana Biosfera Madeira.<\/p>\n","protected":false},"excerpt":{"rendered":"<p>O ano 2012 prepara-se para confirmar a corrida por caminhos de montanha, mais conhecida por Trail, como uma das atividades com maior crescimento na ilha da Madeira. Ainda a trilhar os caminhos de organiza\u00e7\u00e3o como modalidade desportiva de competi\u00e7\u00e3o,\u00a0\u00a0os eventos\u00a0isolados, de clubes\u00a0e empresas, t\u00eam assegurado um continuo crescimento de praticantes de\u00a0Trail, um pouco por todo &hellip; <\/p>\n<p><a class=\"more-link btn\" href=\"http:\/\/trail.camadeira.com\/?p=609\">Continue a ler<\/a><\/p>\n","protected":false},"author":1,"featured_media":0,"comment_status":"open","ping_status":"open","sticky":false,"template":"","format":"standard","meta":[],"categories":[1],"tags":[],"_links":{"self":[{"href":"http:\/\/trail.camadeira.com\/index.php?rest_route=\/wp\/v2\/posts\/609"}],"collection":[{"href":"http:\/\/trail.camadeira.com\/index.php?rest_route=\/wp\/v2\/posts"}],"about":[{"href":"http:\/\/trail.camadeira.com\/index.php?rest_route=\/wp\/v2\/types\/post"}],"author":[{"embeddable":true,"href":"http:\/\/trail.camadeira.com\/index.php?rest_route=\/wp\/v2\/users\/1"}],"replies":[{"embeddable":true,"href":"http:\/\/trail.camadeira.com\/index.php?rest_route=%2Fwp%2Fv2%2Fcomments&post=609"}],"version-history":[{"count":5,"href":"http:\/\/trail.camadeira.com\/index.php?rest_route=\/wp\/v2\/posts\/609\/revisions"}],"predecessor-version":[{"id":611,"href":"http:\/\/trail.camadeira.com\/index.php?rest_route=\/wp\/v2\/posts\/609\/revisions\/611"}],"wp:attachment":[{"href":"http:\/\/trail.camadeira.com\/index.php?rest_route=%2Fwp%2Fv2%2Fmedia&parent=609"}],"wp:term":[{"taxonomy":"category","embeddable":true,"href":"http:\/\/trail.camadeira.com\/index.php?rest_route=%2Fwp%2Fv2%2Fcategories&post=609"},{"taxonomy":"post_tag","embeddable":true,"href":"http:\/\/trail.camadeira.com\/index.php?rest_route=%2Fwp%2Fv2%2Ftags&post=609"}],"curies":[{"name":"wp","href":"https:\/\/api.w.org\/{rel}","templated":true}]}}