{"id":58,"date":"2009-10-25T17:21:47","date_gmt":"2009-10-25T16:21:47","guid":{"rendered":"http:\/\/trail.camadeira.com\/?p=58"},"modified":"2010-04-13T00:38:00","modified_gmt":"2010-04-12T23:38:00","slug":"km-vertical","status":"publish","type":"post","link":"http:\/\/trail.camadeira.com\/?p=58","title":{"rendered":"Km Vertical Fully 2009"},"content":{"rendered":"<p style=\"text-align: left;\"><img loading=\"lazy\" class=\"aligncenter size-full wp-image-78\" title=\"km verttical 09\" src=\"http:\/\/trail.camadeira.com\/wp-content\/uploads\/2009\/10\/IMG_2681-c\u00f3pia.JPG\" alt=\"km verttical 09\" width=\"300\" height=\"200\" \/><\/p>\n<p style=\"text-align: left;\">\n<p style=\"text-align: left;\">Realizou-se a 24 de Outubro, na localidade de Fully (Sui\u00e7a), mais uma edi\u00e7\u00e3o do Km Vertical.<\/p>\n<p style=\"text-align: left;\">Colocada entre os percursos trails\u00a0 e o esqui alpinismo, o prop\u00f3sito desta prova \u00e9 simples, subir mil metros de desn\u00edvel na menor dist\u00e2ncia! Das poucas provas deste g\u00e9nero que existe, esta \u00e9 a que mais se destaca, n\u00e3o s\u00f3 pelas suas caracter\u00edticas, mas tamb\u00e9m por ser a prova escolhida pelo Kilian Jornet para estabelecer um novo recorde mundial&#8230;<\/p>\n<p style=\"text-align: left;\">Com a partida situada em Belle-Usine de Fully (500m), os atletas que foram sa\u00edndo em modo de contra-rel\u00f3gio com intervalos de 40 segundos, tiveram que percorrer 1920 metros com pendentes de 60\u00ba (algumas sec\u00e7\u00f5es ainda ligeiramente superiores) para alcan\u00e7ar Garettes (1500m). Prova muito dura, especialmente nos metros finais onde os atletas completamente esgotados, todos curvados de olhar fixo no ch\u00e3o seguem ao longo de uma pequena multid\u00e3o aos gritos, entusiasmados pelos tempos e classifica\u00e7\u00f5es constantemente anunciados pelo animador no micro.<\/p>\n<p style=\"text-align: left;\">A prova foi ganha pelo veterano franc\u00eas Serge Garnier, que estabeleceu o novo recorde para veteranos, apenas com 18 segundos de vantagem sobre\u00a0 o outro franc\u00eas Pierre Chauvet, campe\u00e3o de esqui alpinismo e vencedor da edi\u00e7\u00e3o anterior. Nas senhoras, a vit\u00f3ria n\u00e3o foi t\u00e3o disputada, tendo sido ganha pela francesa Laetitia Roux estabelecendo o novo recorde feminino.<\/p>\n<p style=\"text-align: left;\">O recorde absoluto desta prova pertence ao Killian Jornet, que em 2007 terminou a prova em 31&#8217;52&#8221;.<\/p>\n<p style=\"text-align: left;\"><strong>CLASSIFICA\u00c7\u00c3O HOMENS :<\/strong><\/p>\n<p style=\"text-align: left;\">1\u00ba Serge Garnier (Fran\u00e7a) 32:14.37<\/p>\n<p>2\u00ba Pierre Chauvet (Fran\u00e7a)32:32.32<\/p>\n<p>3\u00ba Jean Pellissier (It\u00e1lia) 33.46.79<\/p>\n<p><strong>CLASSIFICA\u00c7\u00c3O MULHERES :<\/strong><\/p>\n<p>1\u00aa Laetitia Roux (Fran\u00e7a) 37:55.56<\/p>\n<p>2\u00aa Victoria Kreuzer (Sui\u00e7a) 40:07.82<\/p>\n<p>3\u00aa Clara Chauvet (Franca) 42:00.94<\/p>\n<p><strong><a href=\"http:\/\/picasaweb.google.com\/goncaloangola\/9emeKmVerticalFully#\" target=\"_blank\">FOTOS<\/a><\/strong><\/p>\n","protected":false},"excerpt":{"rendered":"<p>Realizou-se a 24 de Outubro, na localidade de Fully (Sui\u00e7a), mais uma edi\u00e7\u00e3o do Km Vertical. Colocada entre os percursos trails\u00a0 e o esqui alpinismo, o prop\u00f3sito desta prova \u00e9 simples, subir mil metros de desn\u00edvel na menor dist\u00e2ncia! Das poucas provas deste g\u00e9nero que existe, esta \u00e9 a que mais se destaca, n\u00e3o s\u00f3 &hellip; <\/p>\n<p><a class=\"more-link btn\" href=\"http:\/\/trail.camadeira.com\/?p=58\">Continue a ler<\/a><\/p>\n","protected":false},"author":1,"featured_media":0,"comment_status":"open","ping_status":"open","sticky":false,"template":"","format":"standard","meta":[],"categories":[5],"tags":[],"_links":{"self":[{"href":"http:\/\/trail.camadeira.com\/index.php?rest_route=\/wp\/v2\/posts\/58"}],"collection":[{"href":"http:\/\/trail.camadeira.com\/index.php?rest_route=\/wp\/v2\/posts"}],"about":[{"href":"http:\/\/trail.camadeira.com\/index.php?rest_route=\/wp\/v2\/types\/post"}],"author":[{"embeddable":true,"href":"http:\/\/trail.camadeira.com\/index.php?rest_route=\/wp\/v2\/users\/1"}],"replies":[{"embeddable":true,"href":"http:\/\/trail.camadeira.com\/index.php?rest_route=%2Fwp%2Fv2%2Fcomments&post=58"}],"version-history":[{"count":13,"href":"http:\/\/trail.camadeira.com\/index.php?rest_route=\/wp\/v2\/posts\/58\/revisions"}],"predecessor-version":[{"id":206,"href":"http:\/\/trail.camadeira.com\/index.php?rest_route=\/wp\/v2\/posts\/58\/revisions\/206"}],"wp:attachment":[{"href":"http:\/\/trail.camadeira.com\/index.php?rest_route=%2Fwp%2Fv2%2Fmedia&parent=58"}],"wp:term":[{"taxonomy":"category","embeddable":true,"href":"http:\/\/trail.camadeira.com\/index.php?rest_route=%2Fwp%2Fv2%2Fcategories&post=58"},{"taxonomy":"post_tag","embeddable":true,"href":"http:\/\/trail.camadeira.com\/index.php?rest_route=%2Fwp%2Fv2%2Ftags&post=58"}],"curies":[{"name":"wp","href":"https:\/\/api.w.org\/{rel}","templated":true}]}}