{"id":579,"date":"2012-03-04T05:55:41","date_gmt":"2012-03-04T04:55:41","guid":{"rendered":"http:\/\/trail.camadeira.com\/?p=579"},"modified":"2012-03-04T18:14:46","modified_gmt":"2012-03-04T17:14:46","slug":"transgrancanaria-2012-leonardo-diogo-brilha-no-trail-internacional","status":"publish","type":"post","link":"http:\/\/trail.camadeira.com\/?p=579","title":{"rendered":"TransGranCanaria 2012 &#8211; Leonardo Diogo brilha no Trail internacional"},"content":{"rendered":"<p>\u00a0 <a href=\"http:\/\/trail.camadeira.com\/wp-content\/uploads\/2011\/11\/DSCN06611.jpg\"><img loading=\"lazy\" class=\"aligncenter size-full wp-image-554\" title=\"DSCN0661\" src=\"http:\/\/trail.camadeira.com\/wp-content\/uploads\/2011\/11\/DSCN06611.jpg\" alt=\"\" width=\"501\" height=\"317\" \/><\/a><\/p>\n<div style=\"text-align: justify;\">Leonardo Diogo conclui\u00a0uma das mais prestigiadas provas que se realizam em territ\u00f3rio espanhol, a\u00a0&#8220;<a href=\"http:\/\/www.transgrancanaria.net\/paginas\/ver\/27\">TransGranCanaria<\/a>&#8220;,em\u00a016:58:55, obtendo a 11.\u00aa posi\u00e7\u00e3o da geral e o\u00a04.\u00ba lugar no seu escal\u00e3o de competi\u00e7\u00e3o, o Master 40.<\/div>\n<div style=\"text-align: justify;\">O atleta madeirense foi o segundo portugu\u00eas a corta a linha de meta, o primeiro luso foi Armando Teixeira, que\u00a0confirmou\u00a0mais um resultado de revelo para o trail nacional ao\u00a0conquistar o 2.\u00ba lugar da\u00a0\u00a0classifica\u00e7\u00e3o geral, com o tempo de 13:27:20.\u00a0<\/div>\n<div style=\"text-align: justify;\">Os\u00a0outros madeirenses em prova\u00a0,\u00a0Eg\u00eddio Rodrigues foi 111.\u00ba\u00a0e Nuno Gon\u00e7alves 112.\u00ba, ambos com o tempo de 23:02:15 e\u00a0representando o Clube de Montanha do Funchal , seguiu-se Pedro Alves\u00a0do Clube Aventura da Madeira, que\u00a0terminou a prova\u00a0\u00a0em 132.\u00ba da classifica\u00e7\u00e3o geral, com o tempo de 23:50:42, Sergio Perdig\u00e3o (Clube de Montanha do Funchal) em 143.\u00ba da geral, com o tempo de 24:29:27 e Jos\u00e9 Freitas (Clube Aventura da Madeira) foi 188.\u00ba com 28:00:36.<\/div>\n<div>Esta prova \u00e9 um verdadeiro desafio \u00e0 resist\u00eancia dos atletas, 123 kil\u00f3metros\u00a0de extens\u00e3o e\u00a011.000 metros de desnivel acumulado.\u00a0 \u00c9 uma prova destinada a\u00a0atletas com muita experi\u00eancia em\u00a0dist\u00e2ncias\u00a0ultralongas e amantes do desporto de natureza e aventura.\u00a0\u00a0<\/div>\n<div><a href=\"http:\/\/www.transgrancanaria.net\/paginas\/ver\/27\">Site oficial da Prova<\/a><\/div>\n<div><a href=\"http:\/\/www.thenorthfacejournal.com\/category\/as-it-happens\/events\/tnf-trans-gran-canaria\/?utm_source=TGC&amp;utm_medium=tracking&amp;utm_campaign=facebook\">Site da North Face<\/a><\/div>\n<div><a href=\"http:\/\/trail.camadeira.com\/wp-content\/uploads\/2011\/08\/DSC_0060b.jpg\"><img loading=\"lazy\" class=\"aligncenter size-full wp-image-531\" title=\"DSC_0060b\" src=\"http:\/\/trail.camadeira.com\/wp-content\/uploads\/2011\/08\/DSC_0060b.jpg\" alt=\"\" width=\"497\" height=\"336\" srcset=\"http:\/\/trail.camadeira.com\/wp-content\/uploads\/2011\/08\/DSC_0060b.jpg 497w, http:\/\/trail.camadeira.com\/wp-content\/uploads\/2011\/08\/DSC_0060b-300x202.jpg 300w\" sizes=\"(max-width: 497px) 100vw, 497px\" \/><\/a><\/div>\n<div>Pedro Alves<\/div>\n<div><a href=\"http:\/\/trail.camadeira.com\/wp-content\/uploads\/2012\/03\/PERFILtransgc.jpg\"><img loading=\"lazy\" class=\"aligncenter size-full wp-image-580\" title=\"PERFILtransgc\" src=\"http:\/\/trail.camadeira.com\/wp-content\/uploads\/2012\/03\/PERFILtransgc.jpg\" alt=\"\" width=\"502\" height=\"136\" \/><\/a><\/div>\n<div>Perfil topografico da Transgrancanaria 2012<\/div>\n<div><a href=\"http:\/\/trail.camadeira.com\/wp-content\/uploads\/2012\/03\/Class-geral-diogo1.jpg\"><img loading=\"lazy\" class=\"aligncenter size-full wp-image-596\" title=\"Class geral diogo\" src=\"http:\/\/trail.camadeira.com\/wp-content\/uploads\/2012\/03\/Class-geral-diogo1.jpg\" alt=\"\" width=\"503\" height=\"445\" \/><\/a><\/div>\n<div><a href=\"http:\/\/trail.camadeira.com\/wp-content\/uploads\/2011\/08\/DSC_0060b.jpg\"><\/a><a href=\"http:\/\/trail.camadeira.com\/wp-content\/uploads\/2012\/03\/classifica\u00e7\u00e3o-geral1.jpg\"><\/a><a href=\"http:\/\/trail.camadeira.com\/wp-content\/uploads\/2012\/03\/Classifi-Pedro.jpg\"><\/a><a href=\"http:\/\/trail.camadeira.com\/wp-content\/uploads\/2012\/03\/Classifi-Pedro.jpg\"><\/a><a href=\"http:\/\/trail.camadeira.com\/wp-content\/uploads\/2012\/03\/pedro-alves-eprdig\u00e3o.jpg\"><img loading=\"lazy\" class=\"aligncenter size-full wp-image-599\" title=\"pedro alves  eprdig\u00e3o\" src=\"http:\/\/trail.camadeira.com\/wp-content\/uploads\/2012\/03\/pedro-alves-eprdig\u00e3o.jpg\" alt=\"\" width=\"502\" height=\"400\" \/><\/a><a href=\"http:\/\/trail.camadeira.com\/wp-content\/uploads\/2012\/03\/sergio.jpg\"><\/a><\/div>\n<div><a href=\"http:\/\/trail.camadeira.com\/wp-content\/uploads\/2012\/03\/jo\u00b4se-freitas.jpg\"><\/a><a href=\"http:\/\/trail.camadeira.com\/wp-content\/uploads\/2012\/03\/sergio1.jpg\"><img loading=\"lazy\" class=\"aligncenter size-full wp-image-601\" title=\"sergio\" src=\"http:\/\/trail.camadeira.com\/wp-content\/uploads\/2012\/03\/sergio1.jpg\" alt=\"\" width=\"465\" height=\"223\" srcset=\"http:\/\/trail.camadeira.com\/wp-content\/uploads\/2012\/03\/sergio1.jpg 465w, http:\/\/trail.camadeira.com\/wp-content\/uploads\/2012\/03\/sergio1-300x143.jpg 300w\" sizes=\"(max-width: 465px) 100vw, 465px\" \/><\/a><\/div>\n<div><a href=\"http:\/\/trail.camadeira.com\/wp-content\/uploads\/2012\/03\/jo\u00b4se-freitas.jpg\"><img loading=\"lazy\" class=\"aligncenter size-full wp-image-602\" title=\"jo\u00b4se freitas\" src=\"http:\/\/trail.camadeira.com\/wp-content\/uploads\/2012\/03\/jo\u00b4se-freitas.jpg\" alt=\"\" width=\"479\" height=\"503\" \/><\/a><\/div>\n","protected":false},"excerpt":{"rendered":"<p>\u00a0 Leonardo Diogo conclui\u00a0uma das mais prestigiadas provas que se realizam em territ\u00f3rio espanhol, a\u00a0&#8220;TransGranCanaria&#8220;,em\u00a016:58:55, obtendo a 11.\u00aa posi\u00e7\u00e3o da geral e o\u00a04.\u00ba lugar no seu escal\u00e3o de competi\u00e7\u00e3o, o Master 40. O atleta madeirense foi o segundo portugu\u00eas a corta a linha de meta, o primeiro luso foi Armando Teixeira, que\u00a0confirmou\u00a0mais um resultado de &hellip; <\/p>\n<p><a class=\"more-link btn\" href=\"http:\/\/trail.camadeira.com\/?p=579\">Continue a ler<\/a><\/p>\n","protected":false},"author":1,"featured_media":0,"comment_status":"open","ping_status":"open","sticky":false,"template":"","format":"standard","meta":[],"categories":[1],"tags":[],"_links":{"self":[{"href":"http:\/\/trail.camadeira.com\/index.php?rest_route=\/wp\/v2\/posts\/579"}],"collection":[{"href":"http:\/\/trail.camadeira.com\/index.php?rest_route=\/wp\/v2\/posts"}],"about":[{"href":"http:\/\/trail.camadeira.com\/index.php?rest_route=\/wp\/v2\/types\/post"}],"author":[{"embeddable":true,"href":"http:\/\/trail.camadeira.com\/index.php?rest_route=\/wp\/v2\/users\/1"}],"replies":[{"embeddable":true,"href":"http:\/\/trail.camadeira.com\/index.php?rest_route=%2Fwp%2Fv2%2Fcomments&post=579"}],"version-history":[{"count":17,"href":"http:\/\/trail.camadeira.com\/index.php?rest_route=\/wp\/v2\/posts\/579\/revisions"}],"predecessor-version":[{"id":585,"href":"http:\/\/trail.camadeira.com\/index.php?rest_route=\/wp\/v2\/posts\/579\/revisions\/585"}],"wp:attachment":[{"href":"http:\/\/trail.camadeira.com\/index.php?rest_route=%2Fwp%2Fv2%2Fmedia&parent=579"}],"wp:term":[{"taxonomy":"category","embeddable":true,"href":"http:\/\/trail.camadeira.com\/index.php?rest_route=%2Fwp%2Fv2%2Fcategories&post=579"},{"taxonomy":"post_tag","embeddable":true,"href":"http:\/\/trail.camadeira.com\/index.php?rest_route=%2Fwp%2Fv2%2Ftags&post=579"}],"curies":[{"name":"wp","href":"https:\/\/api.w.org\/{rel}","templated":true}]}}