{"id":573,"date":"2012-01-21T01:48:18","date_gmt":"2012-01-21T00:48:18","guid":{"rendered":"http:\/\/trail.camadeira.com\/?p=573"},"modified":"2012-01-21T01:49:54","modified_gmt":"2012-01-21T00:49:54","slug":"i-trofeu-de-trail-clube-aventura-da-madeira-2012","status":"publish","type":"post","link":"http:\/\/trail.camadeira.com\/?p=573","title":{"rendered":"I Trof\u00e9u de Trail Clube Aventura da Madeira &#8211; 2012"},"content":{"rendered":"<p><a href=\"http:\/\/trail.camadeira.com\/wp-content\/uploads\/2012\/01\/TRAIL-2012.jpg\"><img loading=\"lazy\" class=\"aligncenter size-full wp-image-574\" title=\"TRAIL 2012\" src=\"http:\/\/trail.camadeira.com\/wp-content\/uploads\/2012\/01\/TRAIL-2012.jpg\" alt=\"\" width=\"493\" height=\"237\" \/><\/a><\/p>\n<p>O Clube Aventura da Madeira anuncia a organiza\u00e7\u00e3o de um Trof\u00e9u Regional de Trail constituido por tr\u00eas eventos de corrida do mar \u00e0 montanha. Por caminhos e trilhos da nossa ilha, das \u00e1reas urbanas \u00e0s nossas belas serras, estes tr\u00eas eventos t\u00eam por objectivo incentivar o desporto na natureza e\u00a0contribuir para a din\u00e2mica atual de desenvolvimento da modalidade,\u00a0aproveitando o enorme potencial da ilha da Madeira para o trail.<\/p>\n<p>Os tr\u00eas eventos que constituem este trof\u00e9u t\u00eam a seguinte programa\u00e7\u00e3o:<\/p>\n<p>13 de Maio de 2012 &#8211; II KM Vertical do Funchal<\/p>\n<p>7 de Julho de 2012 &#8211; I Trail do Funchal<\/p>\n<p>2 de Setembro de 2012 &#8211; I Trail Santana Madeira Biosfera<\/p>\n<p>Brevemente mais informa\u00e7\u00f5es.<\/p>\n","protected":false},"excerpt":{"rendered":"<p>O Clube Aventura da Madeira anuncia a organiza\u00e7\u00e3o de um Trof\u00e9u Regional de Trail constituido por tr\u00eas eventos de corrida do mar \u00e0 montanha. Por caminhos e trilhos da nossa ilha, das \u00e1reas urbanas \u00e0s nossas belas serras, estes tr\u00eas eventos t\u00eam por objectivo incentivar o desporto na natureza e\u00a0contribuir para a din\u00e2mica atual de &hellip; <\/p>\n<p><a class=\"more-link btn\" href=\"http:\/\/trail.camadeira.com\/?p=573\">Continue a ler<\/a><\/p>\n","protected":false},"author":1,"featured_media":0,"comment_status":"open","ping_status":"open","sticky":false,"template":"","format":"standard","meta":[],"categories":[1],"tags":[],"_links":{"self":[{"href":"http:\/\/trail.camadeira.com\/index.php?rest_route=\/wp\/v2\/posts\/573"}],"collection":[{"href":"http:\/\/trail.camadeira.com\/index.php?rest_route=\/wp\/v2\/posts"}],"about":[{"href":"http:\/\/trail.camadeira.com\/index.php?rest_route=\/wp\/v2\/types\/post"}],"author":[{"embeddable":true,"href":"http:\/\/trail.camadeira.com\/index.php?rest_route=\/wp\/v2\/users\/1"}],"replies":[{"embeddable":true,"href":"http:\/\/trail.camadeira.com\/index.php?rest_route=%2Fwp%2Fv2%2Fcomments&post=573"}],"version-history":[{"count":4,"href":"http:\/\/trail.camadeira.com\/index.php?rest_route=\/wp\/v2\/posts\/573\/revisions"}],"predecessor-version":[{"id":578,"href":"http:\/\/trail.camadeira.com\/index.php?rest_route=\/wp\/v2\/posts\/573\/revisions\/578"}],"wp:attachment":[{"href":"http:\/\/trail.camadeira.com\/index.php?rest_route=%2Fwp%2Fv2%2Fmedia&parent=573"}],"wp:term":[{"taxonomy":"category","embeddable":true,"href":"http:\/\/trail.camadeira.com\/index.php?rest_route=%2Fwp%2Fv2%2Fcategories&post=573"},{"taxonomy":"post_tag","embeddable":true,"href":"http:\/\/trail.camadeira.com\/index.php?rest_route=%2Fwp%2Fv2%2Ftags&post=573"}],"curies":[{"name":"wp","href":"https:\/\/api.w.org\/{rel}","templated":true}]}}