{"id":566,"date":"2011-12-01T10:46:44","date_gmt":"2011-12-01T09:46:44","guid":{"rendered":"http:\/\/trail.camadeira.com\/?p=566"},"modified":"2012-01-21T01:30:48","modified_gmt":"2012-01-21T00:30:48","slug":"ii-ultra-trail-amigos-da-montanha-2011","status":"publish","type":"post","link":"http:\/\/trail.camadeira.com\/?p=566","title":{"rendered":"II Ultra Trail Amigos da Montanha &#8211; 2011"},"content":{"rendered":"<p><strong><a href=\"http:\/\/trail.camadeira.com\/wp-content\/uploads\/2011\/11\/DSCN06611.jpg\"><img loading=\"lazy\" class=\"aligncenter size-full wp-image-554\" title=\"DSCN0661\" src=\"http:\/\/trail.camadeira.com\/wp-content\/uploads\/2011\/11\/DSCN06611.jpg\" alt=\"\" width=\"495\" height=\"331\" \/><\/a><\/strong><\/p>\n<p><strong>Excelente resultado de Leonardo Diogo, 3.\u00ba no p\u00f3dio da geral<\/strong><\/p>\n<p>Numa organiza\u00e7\u00e3o dos Amigos da Montanha, decorreu o\u00a0II Ultra Trail AM 2011 no passado dia 27 de Novembro, com a participa\u00e7\u00e3o de 400 atletas. Leonardo Diogo confirmou as credenciais que tem vindo a revelar nas \u00faltimas competi\u00e7\u00f5es em que tem participado e uma vez mais subiu ao p\u00f3dio numa prova de \u00e2mbito nacional.<\/p>\n<p>Leonardo Diogo classificou-se na 3.\u00aa posi\u00e7\u00e3o da geral, na prova principal, que tinha um percurso de 52km e confirmou ser um dos melhores atletas nacionais da especialidade.<\/p>\n<p>Mais informa\u00e7\u00e3o em <a href=\"http:\/\/www.amigosdamontanha.com\/_ii_ultra_trail_am_2011\">Amigos da Montanha<\/a><\/p>\n","protected":false},"excerpt":{"rendered":"<p>Excelente resultado de Leonardo Diogo, 3.\u00ba no p\u00f3dio da geral Numa organiza\u00e7\u00e3o dos Amigos da Montanha, decorreu o\u00a0II Ultra Trail AM 2011 no passado dia 27 de Novembro, com a participa\u00e7\u00e3o de 400 atletas. Leonardo Diogo confirmou as credenciais que tem vindo a revelar nas \u00faltimas competi\u00e7\u00f5es em que tem participado e uma vez mais &hellip; <\/p>\n<p><a class=\"more-link btn\" href=\"http:\/\/trail.camadeira.com\/?p=566\">Continue a ler<\/a><\/p>\n","protected":false},"author":1,"featured_media":0,"comment_status":"open","ping_status":"open","sticky":false,"template":"","format":"standard","meta":[],"categories":[1],"tags":[],"_links":{"self":[{"href":"http:\/\/trail.camadeira.com\/index.php?rest_route=\/wp\/v2\/posts\/566"}],"collection":[{"href":"http:\/\/trail.camadeira.com\/index.php?rest_route=\/wp\/v2\/posts"}],"about":[{"href":"http:\/\/trail.camadeira.com\/index.php?rest_route=\/wp\/v2\/types\/post"}],"author":[{"embeddable":true,"href":"http:\/\/trail.camadeira.com\/index.php?rest_route=\/wp\/v2\/users\/1"}],"replies":[{"embeddable":true,"href":"http:\/\/trail.camadeira.com\/index.php?rest_route=%2Fwp%2Fv2%2Fcomments&post=566"}],"version-history":[{"count":6,"href":"http:\/\/trail.camadeira.com\/index.php?rest_route=\/wp\/v2\/posts\/566\/revisions"}],"predecessor-version":[{"id":572,"href":"http:\/\/trail.camadeira.com\/index.php?rest_route=\/wp\/v2\/posts\/566\/revisions\/572"}],"wp:attachment":[{"href":"http:\/\/trail.camadeira.com\/index.php?rest_route=%2Fwp%2Fv2%2Fmedia&parent=566"}],"wp:term":[{"taxonomy":"category","embeddable":true,"href":"http:\/\/trail.camadeira.com\/index.php?rest_route=%2Fwp%2Fv2%2Fcategories&post=566"},{"taxonomy":"post_tag","embeddable":true,"href":"http:\/\/trail.camadeira.com\/index.php?rest_route=%2Fwp%2Fv2%2Ftags&post=566"}],"curies":[{"name":"wp","href":"https:\/\/api.w.org\/{rel}","templated":true}]}}