{"id":549,"date":"2011-10-21T01:18:19","date_gmt":"2011-10-21T00:18:19","guid":{"rendered":"http:\/\/trail.camadeira.com\/?p=549"},"modified":"2011-10-21T01:19:08","modified_gmt":"2011-10-21T00:19:08","slug":"ii-km-vertical-do-fanal-a-30-de-outubro-de-2011","status":"publish","type":"post","link":"http:\/\/trail.camadeira.com\/?p=549","title":{"rendered":"II KM Vertical do Fanal a 30 de Outubro de 2011"},"content":{"rendered":"<p>No pr\u00f3ximo dia 30 de Outubro est\u00e1 prevista a realiza\u00e7\u00e3o do II KM Vertical do Fanal, com organiza\u00e7\u00e3o do Clube de Montanha do Funchal.<\/p>\n<p>Todas as informa\u00e7\u00f5es sobre o evento poder\u00e3o ser consultas no <strong><a href=\"http:\/\/cmofunchal.org\/cmofunchal\/trail\/2kmvfanal\/\">site do evento<\/a><\/strong><\/p>\n","protected":false},"excerpt":{"rendered":"<p>No pr\u00f3ximo dia 30 de Outubro est\u00e1 prevista a realiza\u00e7\u00e3o do II KM Vertical do Fanal, com organiza\u00e7\u00e3o do Clube de Montanha do Funchal. Todas as informa\u00e7\u00f5es sobre o evento poder\u00e3o ser consultas no site do evento<\/p>\n","protected":false},"author":1,"featured_media":0,"comment_status":"open","ping_status":"open","sticky":false,"template":"","format":"standard","meta":[],"categories":[1],"tags":[],"_links":{"self":[{"href":"http:\/\/trail.camadeira.com\/index.php?rest_route=\/wp\/v2\/posts\/549"}],"collection":[{"href":"http:\/\/trail.camadeira.com\/index.php?rest_route=\/wp\/v2\/posts"}],"about":[{"href":"http:\/\/trail.camadeira.com\/index.php?rest_route=\/wp\/v2\/types\/post"}],"author":[{"embeddable":true,"href":"http:\/\/trail.camadeira.com\/index.php?rest_route=\/wp\/v2\/users\/1"}],"replies":[{"embeddable":true,"href":"http:\/\/trail.camadeira.com\/index.php?rest_route=%2Fwp%2Fv2%2Fcomments&post=549"}],"version-history":[{"count":2,"href":"http:\/\/trail.camadeira.com\/index.php?rest_route=\/wp\/v2\/posts\/549\/revisions"}],"predecessor-version":[{"id":551,"href":"http:\/\/trail.camadeira.com\/index.php?rest_route=\/wp\/v2\/posts\/549\/revisions\/551"}],"wp:attachment":[{"href":"http:\/\/trail.camadeira.com\/index.php?rest_route=%2Fwp%2Fv2%2Fmedia&parent=549"}],"wp:term":[{"taxonomy":"category","embeddable":true,"href":"http:\/\/trail.camadeira.com\/index.php?rest_route=%2Fwp%2Fv2%2Fcategories&post=549"},{"taxonomy":"post_tag","embeddable":true,"href":"http:\/\/trail.camadeira.com\/index.php?rest_route=%2Fwp%2Fv2%2Ftags&post=549"}],"curies":[{"name":"wp","href":"https:\/\/api.w.org\/{rel}","templated":true}]}}