{"id":541,"date":"2011-08-29T16:22:46","date_gmt":"2011-08-29T15:22:46","guid":{"rendered":"http:\/\/trail.camadeira.com\/?p=541"},"modified":"2011-08-29T18:34:50","modified_gmt":"2011-08-29T17:34:50","slug":"pedro-alves-conclui-o-ultra-trail-do-raid-dos-pirineus-26-e-27-agosto","status":"publish","type":"post","link":"http:\/\/trail.camadeira.com\/?p=541","title":{"rendered":"Pedro Alves conclui o Ultra Trail do Raid dos Pirin\u00e9us &#8211; 26 e 27 Agosto"},"content":{"rendered":"<p style=\"text-align: center;\"><a href=\"http:\/\/trail.camadeira.com\/wp-content\/uploads\/2011\/07\/pedro-alves-2.jpg\"><img loading=\"lazy\" class=\"size-medium wp-image-500  aligncenter\" title=\"pedro alves 2\" src=\"http:\/\/trail.camadeira.com\/wp-content\/uploads\/2011\/07\/pedro-alves-2-300x237.jpg\" alt=\"\" width=\"300\" height=\"237\" srcset=\"http:\/\/trail.camadeira.com\/wp-content\/uploads\/2011\/07\/pedro-alves-2-300x237.jpg 300w, http:\/\/trail.camadeira.com\/wp-content\/uploads\/2011\/07\/pedro-alves-2.jpg 377w\" sizes=\"(max-width: 300px) 100vw, 300px\" \/><\/a><\/p>\n<p style=\"text-align: center;\"><strong>158,5 Kms de percurso, 9568 metros de desn\u00edvel positivo acumulado e 40h13min12s depois,\u00a0Pedro Alves\u00a0conclui mais uma exigente prova de Trail\u00a0<\/strong><\/p>\n<p style=\"text-align: justify;\">Depois da amea\u00e7a de uma tempestade, a organiza\u00e7\u00e3o atrasou a partida do Ultra Trail em duas horas, tendo Pedro Alves iniciado este enorme desafio\u00a0\u00e0s 7h00 locais,\u00a06h00 na Madeira, na manh\u00e3 de Sexta-feira, 26 de Agosto.\u00a0Doze postos de controlo e abastecimento eram as metas interm\u00e9dias e serviam de barreiras hor\u00e1rias para os mais atrasados. Pedro esteve em prova todo o dia de\u00a0Sexta-feira, a \u00a0noite de Sexta para S\u00e1bado e o dia de S\u00e1bado\u00a0terminando o circuito na Vielle de Aure por volta das 23h00, local onde havia partido 40h13min e 12 segundos antes.<\/p>\n<p style=\"text-align: justify;\">Muito para al\u00e9m da competi\u00e7\u00e3o entre os participantes, este tipo de provas\u00a0torna-se um exercicio extremo de supera\u00e7\u00e3o\u00a0do organismo a muitas dificuldades\u00a0que se colocam num desafio do g\u00e9nero. Andar s\u00f3 ou acompanhado, por locais desconhecidos, por vezes\u00a0in\u00f3spitos, o vento, o frio, a chuva, a fadiga\u00a0e outras dificuldades f\u00edsicas\u00a0\u00a0s\u00e3o os principais obst\u00e1culos a superar e Pedro Alves tem vindo a demonstrar essa capacidade nos \u00faltimos dois meses, onde terminou quatro provas de Ultra Trail, Serra da Freita 70km, Gran Trail Valdigne 100km, Ultra Trail Mitic Andorra 112km, a Volta ao Aneto com 96km nos\u00a0Pirin\u00e9us\u00a0Espanh\u00f3is\u00a0e agora, o Ultra Trail do Grand Raid dos Pirin\u00e9us, com 158,5kms.<\/p>\n<p style=\"text-align: justify;\">Nesta \u00faltima competi\u00e7\u00e3o, Pedro partiu num grupo de 700 atletas, dos quais 498 concluiram a prova, tendo o atleta madeirense\u00a0terminado \u00a0na 344\u00aa posi\u00e7\u00e3o da geral.<\/p>\n<p style=\"text-align: justify;\">Este ano Pedro Alves j\u00e1 percorreu cerca de 640km em provas de Trail na Madeira, Portugal continental, Espanha e Fran\u00e7a.<\/p>\n<p style=\"text-align: justify;\">Site oficial do evento: <a href=\"http:\/\/www.grandraidpyrenees.com\/\">http:\/\/www.grandraidpyrenees.com\/<\/a><\/p>\n","protected":false},"excerpt":{"rendered":"<p>158,5 Kms de percurso, 9568 metros de desn\u00edvel positivo acumulado e 40h13min12s depois,\u00a0Pedro Alves\u00a0conclui mais uma exigente prova de Trail\u00a0 Depois da amea\u00e7a de uma tempestade, a organiza\u00e7\u00e3o atrasou a partida do Ultra Trail em duas horas, tendo Pedro Alves iniciado este enorme desafio\u00a0\u00e0s 7h00 locais,\u00a06h00 na Madeira, na manh\u00e3 de Sexta-feira, 26 de Agosto.\u00a0Doze &hellip; <\/p>\n<p><a class=\"more-link btn\" href=\"http:\/\/trail.camadeira.com\/?p=541\">Continue a ler<\/a><\/p>\n","protected":false},"author":1,"featured_media":0,"comment_status":"open","ping_status":"open","sticky":false,"template":"","format":"standard","meta":[],"categories":[1],"tags":[],"_links":{"self":[{"href":"http:\/\/trail.camadeira.com\/index.php?rest_route=\/wp\/v2\/posts\/541"}],"collection":[{"href":"http:\/\/trail.camadeira.com\/index.php?rest_route=\/wp\/v2\/posts"}],"about":[{"href":"http:\/\/trail.camadeira.com\/index.php?rest_route=\/wp\/v2\/types\/post"}],"author":[{"embeddable":true,"href":"http:\/\/trail.camadeira.com\/index.php?rest_route=\/wp\/v2\/users\/1"}],"replies":[{"embeddable":true,"href":"http:\/\/trail.camadeira.com\/index.php?rest_route=%2Fwp%2Fv2%2Fcomments&post=541"}],"version-history":[{"count":6,"href":"http:\/\/trail.camadeira.com\/index.php?rest_route=\/wp\/v2\/posts\/541\/revisions"}],"predecessor-version":[{"id":548,"href":"http:\/\/trail.camadeira.com\/index.php?rest_route=\/wp\/v2\/posts\/541\/revisions\/548"}],"wp:attachment":[{"href":"http:\/\/trail.camadeira.com\/index.php?rest_route=%2Fwp%2Fv2%2Fmedia&parent=541"}],"wp:term":[{"taxonomy":"category","embeddable":true,"href":"http:\/\/trail.camadeira.com\/index.php?rest_route=%2Fwp%2Fv2%2Fcategories&post=541"},{"taxonomy":"post_tag","embeddable":true,"href":"http:\/\/trail.camadeira.com\/index.php?rest_route=%2Fwp%2Fv2%2Ftags&post=541"}],"curies":[{"name":"wp","href":"https:\/\/api.w.org\/{rel}","templated":true}]}}