{"id":530,"date":"2011-08-19T16:22:19","date_gmt":"2011-08-19T15:22:19","guid":{"rendered":"http:\/\/trail.camadeira.com\/?p=530"},"modified":"2011-08-19T16:22:19","modified_gmt":"2011-08-19T15:22:19","slug":"vuelta-al-aneto","status":"publish","type":"post","link":"http:\/\/trail.camadeira.com\/?p=530","title":{"rendered":"Vuelta al Aneto"},"content":{"rendered":"<p>Pedro Alves termina mais um ultra trail! Foram tr\u00eas provas muito dificeis em Fran\u00e7a e Espanha\u00a0onde Pedro provou ser muito regular e consistente.<\/p>\n<p><a href=\"http:\/\/trail.camadeira.com\/wp-content\/uploads\/2011\/08\/DSC_0060b.jpg\"><img loading=\"lazy\" class=\"aligncenter size-medium wp-image-531\" title=\"DSC_0060b\" src=\"http:\/\/trail.camadeira.com\/wp-content\/uploads\/2011\/08\/DSC_0060b-300x202.jpg\" alt=\"\" width=\"323\" height=\"221\" \/><\/a><\/p>\n<p style=\"text-align: justify;\">Desta feita o desafio decorreu em redor do Aneto, o cume mais alto dos Pirin\u00e9us com 3404 metros de altitude. Os atletas andaram mais por baixo, mas ultrapassaram alguns\u00a0colos acima dos 2000 metros de altitude, com o ponto mais alto da prova a situar-se no colo de Ballibierna\u00a0a 2728 metros de altitude. No total os participantes tinham pela frente 96km de percurso num constante sobe e desce acumulando 5950metros de desn\u00edvel positivo, para ultrapassar sete vales da cordilheira central dos Piren\u00e9us: Benasque, Ballibierna, Llosas, Llauset, Barrab\u00e9s, Nere e\u00a0Artiga de Lin.\u00a0<\/p>\n<p style=\"text-align: justify;\">Estiveram presentes quatro madeirenses \u00e0 partida da &#8220;Vuelta al Aneto&#8221;, al\u00e9m de Pedro Alves que representou o Clube Aventura da Madeira, partiram Nuno Gon\u00e7alves, S\u00e9rgio Perdig\u00e3o e Sid\u00f3nio Freitas todos do Clube Montanha do Funchal.<\/p>\n<p style=\"text-align: justify;\">No final, Nuno Gon\u00e7alves foi o mais r\u00e1pido entre os madeirenses\u00a0com\u00a019:03:55 (48\u00ba geral\/17\u00ba Vet1), seguiu-se Pedro Alves com 21:36:26 \u00a0(92\u00ba geral\/53\u00ba SenM), depois S\u00e9rgio Perdig\u00e3o com 22:11:40 (101\u00ba geral\/60\u00ba SenM) e Sid\u00f3nio Freitas acabou por n\u00e3o terminar.<\/p>\n<p style=\"text-align: justify;\">\u00a0<\/p>\n","protected":false},"excerpt":{"rendered":"<p>Pedro Alves termina mais um ultra trail! Foram tr\u00eas provas muito dificeis em Fran\u00e7a e Espanha\u00a0onde Pedro provou ser muito regular e consistente. Desta feita o desafio decorreu em redor do Aneto, o cume mais alto dos Pirin\u00e9us com 3404 metros de altitude. Os atletas andaram mais por baixo, mas ultrapassaram alguns\u00a0colos acima dos 2000 &hellip; <\/p>\n<p><a class=\"more-link btn\" href=\"http:\/\/trail.camadeira.com\/?p=530\">Continue a ler<\/a><\/p>\n","protected":false},"author":1,"featured_media":0,"comment_status":"open","ping_status":"open","sticky":false,"template":"","format":"standard","meta":[],"categories":[1],"tags":[],"_links":{"self":[{"href":"http:\/\/trail.camadeira.com\/index.php?rest_route=\/wp\/v2\/posts\/530"}],"collection":[{"href":"http:\/\/trail.camadeira.com\/index.php?rest_route=\/wp\/v2\/posts"}],"about":[{"href":"http:\/\/trail.camadeira.com\/index.php?rest_route=\/wp\/v2\/types\/post"}],"author":[{"embeddable":true,"href":"http:\/\/trail.camadeira.com\/index.php?rest_route=\/wp\/v2\/users\/1"}],"replies":[{"embeddable":true,"href":"http:\/\/trail.camadeira.com\/index.php?rest_route=%2Fwp%2Fv2%2Fcomments&post=530"}],"version-history":[{"count":1,"href":"http:\/\/trail.camadeira.com\/index.php?rest_route=\/wp\/v2\/posts\/530\/revisions"}],"predecessor-version":[{"id":532,"href":"http:\/\/trail.camadeira.com\/index.php?rest_route=\/wp\/v2\/posts\/530\/revisions\/532"}],"wp:attachment":[{"href":"http:\/\/trail.camadeira.com\/index.php?rest_route=%2Fwp%2Fv2%2Fmedia&parent=530"}],"wp:term":[{"taxonomy":"category","embeddable":true,"href":"http:\/\/trail.camadeira.com\/index.php?rest_route=%2Fwp%2Fv2%2Fcategories&post=530"},{"taxonomy":"post_tag","embeddable":true,"href":"http:\/\/trail.camadeira.com\/index.php?rest_route=%2Fwp%2Fv2%2Ftags&post=530"}],"curies":[{"name":"wp","href":"https:\/\/api.w.org\/{rel}","templated":true}]}}