{"id":528,"date":"2011-07-18T00:20:38","date_gmt":"2011-07-17T23:20:38","guid":{"rendered":"http:\/\/trail.camadeira.com\/?p=528"},"modified":"2011-07-18T00:20:38","modified_gmt":"2011-07-17T23:20:38","slug":"pedro-alves-termina-dois-ultra-trails-em-uma-semana","status":"publish","type":"post","link":"http:\/\/trail.camadeira.com\/?p=528","title":{"rendered":"Pedro Alves termina dois ultra trails em uma semana"},"content":{"rendered":"<p>Ap\u00f3s na semana anterior ter concluido um trail de 100km e 5300 metros de desn\u00edvel positivo, em Valdigne, Fran\u00e7a, Pedro Alves terminou na manh\u00e3 de Domingo, 17 de Julho, o Ultra Trail Mitic, uma prova que decorre em Andorra, com uma extens\u00e3o de 112km e 9700metros de desn\u00edvel positivo.<\/p>\n<p>Para esta\u00a0dificil prova partiram 333 atletas, dos quais\u00a0148 cortaram a meta, tendo Pedro Alves terminado na 99.\u00ba posi\u00e7\u00e3o, com 34:00:16.<\/p>\n<p>Brevemente, mais informa\u00e7\u00e3o.<\/p>\n","protected":false},"excerpt":{"rendered":"<p>Ap\u00f3s na semana anterior ter concluido um trail de 100km e 5300 metros de desn\u00edvel positivo, em Valdigne, Fran\u00e7a, Pedro Alves terminou na manh\u00e3 de Domingo, 17 de Julho, o Ultra Trail Mitic, uma prova que decorre em Andorra, com uma extens\u00e3o de 112km e 9700metros de desn\u00edvel positivo. Para esta\u00a0dificil prova partiram 333 atletas, &hellip; <\/p>\n<p><a class=\"more-link btn\" href=\"http:\/\/trail.camadeira.com\/?p=528\">Continue a ler<\/a><\/p>\n","protected":false},"author":1,"featured_media":0,"comment_status":"open","ping_status":"open","sticky":false,"template":"","format":"standard","meta":[],"categories":[1],"tags":[],"_links":{"self":[{"href":"http:\/\/trail.camadeira.com\/index.php?rest_route=\/wp\/v2\/posts\/528"}],"collection":[{"href":"http:\/\/trail.camadeira.com\/index.php?rest_route=\/wp\/v2\/posts"}],"about":[{"href":"http:\/\/trail.camadeira.com\/index.php?rest_route=\/wp\/v2\/types\/post"}],"author":[{"embeddable":true,"href":"http:\/\/trail.camadeira.com\/index.php?rest_route=\/wp\/v2\/users\/1"}],"replies":[{"embeddable":true,"href":"http:\/\/trail.camadeira.com\/index.php?rest_route=%2Fwp%2Fv2%2Fcomments&post=528"}],"version-history":[{"count":1,"href":"http:\/\/trail.camadeira.com\/index.php?rest_route=\/wp\/v2\/posts\/528\/revisions"}],"predecessor-version":[{"id":529,"href":"http:\/\/trail.camadeira.com\/index.php?rest_route=\/wp\/v2\/posts\/528\/revisions\/529"}],"wp:attachment":[{"href":"http:\/\/trail.camadeira.com\/index.php?rest_route=%2Fwp%2Fv2%2Fmedia&parent=528"}],"wp:term":[{"taxonomy":"category","embeddable":true,"href":"http:\/\/trail.camadeira.com\/index.php?rest_route=%2Fwp%2Fv2%2Fcategories&post=528"},{"taxonomy":"post_tag","embeddable":true,"href":"http:\/\/trail.camadeira.com\/index.php?rest_route=%2Fwp%2Fv2%2Ftags&post=528"}],"curies":[{"name":"wp","href":"https:\/\/api.w.org\/{rel}","templated":true}]}}