{"id":498,"date":"2011-07-03T01:58:49","date_gmt":"2011-07-03T00:58:49","guid":{"rendered":"http:\/\/trail.camadeira.com\/?p=498"},"modified":"2011-07-04T14:28:18","modified_gmt":"2011-07-04T13:28:18","slug":"leonardo-diogo-e-pedro-alves-no-ultra-trail-serra-da-freita","status":"publish","type":"post","link":"http:\/\/trail.camadeira.com\/?p=498","title":{"rendered":"Leonardo Diogo e Pedro Alves no Ultra Trail Serra da Freita"},"content":{"rendered":"<p style=\"text-align: left;\">Dois atletas do Clube Aventura da Madeira est\u00e3o presentes hoje, 3 de Julho,\u00a0\u00e0 partida para o Ultra Trail Serra da Freita, um prova de 70km em circuito e 4200 metros de desn\u00edvel positivo acumulado. A partida (4h30 da madrugada)\u00a0e chegada \u00e9 no Parque de Campismo do Merujal.<\/p>\n<p style=\"text-align: left;\"><a href=\"http:\/\/www.confraria-trotamontes.com\/utsf\/\">Informa\u00e7\u00e3o da Prova e Resultados<\/a><\/p>\n<p><a href=\"http:\/\/trail.camadeira.com\/wp-content\/uploads\/2011\/07\/leonardo-diogo.jpg\"><img loading=\"lazy\" class=\"aligncenter size-full wp-image-499\" title=\"leonardo diogo\" src=\"http:\/\/trail.camadeira.com\/wp-content\/uploads\/2011\/07\/leonardo-diogo.jpg\" alt=\"\" width=\"460\" height=\"389\" \/><\/a><\/p>\n<p>Leonardo Diogo<\/p>\n<p><a href=\"http:\/\/trail.camadeira.com\/wp-content\/uploads\/2011\/07\/pedro-alves-2.jpg\"><img loading=\"lazy\" class=\"aligncenter size-full wp-image-500\" title=\"pedro alves 2\" src=\"http:\/\/trail.camadeira.com\/wp-content\/uploads\/2011\/07\/pedro-alves-2.jpg\" alt=\"\" width=\"377\" height=\"298\" srcset=\"http:\/\/trail.camadeira.com\/wp-content\/uploads\/2011\/07\/pedro-alves-2.jpg 377w, http:\/\/trail.camadeira.com\/wp-content\/uploads\/2011\/07\/pedro-alves-2-300x237.jpg 300w\" sizes=\"(max-width: 377px) 100vw, 377px\" \/><\/a><\/p>\n<p>Pedro Alves<\/p>\n","protected":false},"excerpt":{"rendered":"<p>Dois atletas do Clube Aventura da Madeira est\u00e3o presentes hoje, 3 de Julho,\u00a0\u00e0 partida para o Ultra Trail Serra da Freita, um prova de 70km em circuito e 4200 metros de desn\u00edvel positivo acumulado. A partida (4h30 da madrugada)\u00a0e chegada \u00e9 no Parque de Campismo do Merujal. Informa\u00e7\u00e3o da Prova e Resultados Leonardo Diogo Pedro &hellip; <\/p>\n<p><a class=\"more-link btn\" href=\"http:\/\/trail.camadeira.com\/?p=498\">Continue a ler<\/a><\/p>\n","protected":false},"author":1,"featured_media":0,"comment_status":"open","ping_status":"open","sticky":false,"template":"","format":"standard","meta":[],"categories":[1],"tags":[],"_links":{"self":[{"href":"http:\/\/trail.camadeira.com\/index.php?rest_route=\/wp\/v2\/posts\/498"}],"collection":[{"href":"http:\/\/trail.camadeira.com\/index.php?rest_route=\/wp\/v2\/posts"}],"about":[{"href":"http:\/\/trail.camadeira.com\/index.php?rest_route=\/wp\/v2\/types\/post"}],"author":[{"embeddable":true,"href":"http:\/\/trail.camadeira.com\/index.php?rest_route=\/wp\/v2\/users\/1"}],"replies":[{"embeddable":true,"href":"http:\/\/trail.camadeira.com\/index.php?rest_route=%2Fwp%2Fv2%2Fcomments&post=498"}],"version-history":[{"count":4,"href":"http:\/\/trail.camadeira.com\/index.php?rest_route=\/wp\/v2\/posts\/498\/revisions"}],"predecessor-version":[{"id":511,"href":"http:\/\/trail.camadeira.com\/index.php?rest_route=\/wp\/v2\/posts\/498\/revisions\/511"}],"wp:attachment":[{"href":"http:\/\/trail.camadeira.com\/index.php?rest_route=%2Fwp%2Fv2%2Fmedia&parent=498"}],"wp:term":[{"taxonomy":"category","embeddable":true,"href":"http:\/\/trail.camadeira.com\/index.php?rest_route=%2Fwp%2Fv2%2Fcategories&post=498"},{"taxonomy":"post_tag","embeddable":true,"href":"http:\/\/trail.camadeira.com\/index.php?rest_route=%2Fwp%2Fv2%2Ftags&post=498"}],"curies":[{"name":"wp","href":"https:\/\/api.w.org\/{rel}","templated":true}]}}