{"id":492,"date":"2011-06-16T17:56:01","date_gmt":"2011-06-16T16:56:01","guid":{"rendered":"http:\/\/trail.camadeira.com\/?p=492"},"modified":"2011-06-16T18:00:06","modified_gmt":"2011-06-16T17:00:06","slug":"resultados-fotos-e-video-do-1-%c2%ba-km-vertical-do-funchal","status":"publish","type":"post","link":"http:\/\/trail.camadeira.com\/?p=492","title":{"rendered":"Resultados, Fotos e Video do 1.\u00ba KM Vertical do Funchal"},"content":{"rendered":"<p><a href=\"http:\/\/trail.camadeira.com\/wp-content\/uploads\/2011\/06\/DSC_0057.jpg\"><img loading=\"lazy\" class=\"aligncenter size-full wp-image-494\" title=\"DSC_0057\" src=\"http:\/\/trail.camadeira.com\/wp-content\/uploads\/2011\/06\/DSC_0057.jpg\" alt=\"\" width=\"465\" height=\"306\" \/><\/a><\/p>\n<p>No passado dia 10 de Junho, o Clube Aventura da Madeira realizou o 1.\u00ba KM Vertical do Funchal, uma prova de corrida vertical com desn\u00edvel de 1km e extens\u00e3o de 6,4km, entre o Largo da Fonte Monte e a Achada Grande, no Parque Ecol\u00f3gico do Funchal.<\/p>\n<p><a href=\"http:\/\/kmvertical.camadeira.com\/?p=430\">Resultados<\/a><\/p>\n<p><a href=\"http:\/\/kmvertical.camadeira.com\/?p=480\">Fotos<\/a><\/p>\n<p><a href=\"http:\/\/www.youtube.com\/watch?v=ok2_PSMw2LU\">Video<\/a><\/p>\n<p><a href=\"http:\/\/trail.camadeira.com\/wp-content\/uploads\/2011\/06\/IMG_0933.jpg\"><img loading=\"lazy\" class=\"aligncenter size-full wp-image-496\" title=\"IMG_0933\" src=\"http:\/\/trail.camadeira.com\/wp-content\/uploads\/2011\/06\/IMG_0933.jpg\" alt=\"\" width=\"483\" height=\"329\" \/><\/a><\/p>\n","protected":false},"excerpt":{"rendered":"<p>No passado dia 10 de Junho, o Clube Aventura da Madeira realizou o 1.\u00ba KM Vertical do Funchal, uma prova de corrida vertical com desn\u00edvel de 1km e extens\u00e3o de 6,4km, entre o Largo da Fonte Monte e a Achada Grande, no Parque Ecol\u00f3gico do Funchal. Resultados Fotos Video<\/p>\n","protected":false},"author":1,"featured_media":0,"comment_status":"open","ping_status":"open","sticky":false,"template":"","format":"standard","meta":[],"categories":[1],"tags":[],"_links":{"self":[{"href":"http:\/\/trail.camadeira.com\/index.php?rest_route=\/wp\/v2\/posts\/492"}],"collection":[{"href":"http:\/\/trail.camadeira.com\/index.php?rest_route=\/wp\/v2\/posts"}],"about":[{"href":"http:\/\/trail.camadeira.com\/index.php?rest_route=\/wp\/v2\/types\/post"}],"author":[{"embeddable":true,"href":"http:\/\/trail.camadeira.com\/index.php?rest_route=\/wp\/v2\/users\/1"}],"replies":[{"embeddable":true,"href":"http:\/\/trail.camadeira.com\/index.php?rest_route=%2Fwp%2Fv2%2Fcomments&post=492"}],"version-history":[{"count":3,"href":"http:\/\/trail.camadeira.com\/index.php?rest_route=\/wp\/v2\/posts\/492\/revisions"}],"predecessor-version":[{"id":497,"href":"http:\/\/trail.camadeira.com\/index.php?rest_route=\/wp\/v2\/posts\/492\/revisions\/497"}],"wp:attachment":[{"href":"http:\/\/trail.camadeira.com\/index.php?rest_route=%2Fwp%2Fv2%2Fmedia&parent=492"}],"wp:term":[{"taxonomy":"category","embeddable":true,"href":"http:\/\/trail.camadeira.com\/index.php?rest_route=%2Fwp%2Fv2%2Fcategories&post=492"},{"taxonomy":"post_tag","embeddable":true,"href":"http:\/\/trail.camadeira.com\/index.php?rest_route=%2Fwp%2Fv2%2Ftags&post=492"}],"curies":[{"name":"wp","href":"https:\/\/api.w.org\/{rel}","templated":true}]}}