{"id":473,"date":"2011-05-19T23:54:49","date_gmt":"2011-05-19T22:54:49","guid":{"rendered":"http:\/\/trail.camadeira.com\/?p=473"},"modified":"2011-05-20T00:24:28","modified_gmt":"2011-05-19T23:24:28","slug":"km-vertical-do-funchal-10-de-junho-de-2011","status":"publish","type":"post","link":"http:\/\/trail.camadeira.com\/?p=473","title":{"rendered":"Km Vertical do Funchal &#8211; 10 de Junho de 2011"},"content":{"rendered":"<p><a href=\"http:\/\/trail.camadeira.com\/wp-content\/uploads\/2011\/05\/cartz-km-10j-1.jpg\"><img loading=\"lazy\" class=\"aligncenter size-full wp-image-481\" title=\"cartz km 10j\" src=\"http:\/\/trail.camadeira.com\/wp-content\/uploads\/2011\/05\/cartz-km-10j-1.jpg\" alt=\"\" width=\"486\" height=\"730\" \/><\/a>O Clube Aventura da Madeira apresenta a organiza\u00e7\u00e3o do KM Vertical do Funchal, uma prova com caracter\u00edsticas de trail, com desn\u00edvel positivo continuo de 1KM e 6,4km de extens\u00e3o, prevista decorrer no dia\u00a0<strong>10 de\u00a0Junho de 2011<\/strong>, a partir das 10h30.<\/p>\n<p>O Largo da Fonte\u00a0 a 550 metros de altitude ser\u00e1 o local de partida para este aliciante desafio que ligar\u00e1 a \u00e1rea mais habitada da Freguesia do Monte, onde se destacam belas quintas e jardins, ao ambiente de montanha do Parque Ecol\u00f3gico do Funchal,\u00a0 a 1550 metros de altitude na Achada Grande, nas proximidades do Pico do Areeiro.<\/p>\n<p>O trajecto apresenta uma grande diversidade e altern\u00e2ncia de piso, come\u00e7ando pelos caminhos de pedra cal\u00e7ada, depois por veredas de terra batida e de menor dimens\u00e3o, para entrar em caminhos florestais no Parque Ecol\u00f3gico, onde se situam algumas subidas\u00a0 mais t\u00e9cnicas em todo-o-terreno.<\/p>\n<p>Se tens condi\u00e7\u00e3o f\u00edsica para este desafio, participa e supera-te! Boa prova!<\/p>\n<p><a href=\"http:\/\/kmvertical.camadeira.com\/?page_id=6\">Inscri\u00e7\u00f5es on-line<\/a><\/p>\n<p><a href=\"http:\/\/kmvertical.camadeira.com\/\">Informa\u00e7\u00f5es<\/a><\/p>\n<p>Data limite de inscri\u00e7\u00f5es &#8211; 7 de Junho de 2011<\/p>\n","protected":false},"excerpt":{"rendered":"<p>O Clube Aventura da Madeira apresenta a organiza\u00e7\u00e3o do KM Vertical do Funchal, uma prova com caracter\u00edsticas de trail, com desn\u00edvel positivo continuo de 1KM e 6,4km de extens\u00e3o, prevista decorrer no dia\u00a010 de\u00a0Junho de 2011, a partir das 10h30. O Largo da Fonte\u00a0 a 550 metros de altitude ser\u00e1 o local de partida para &hellip; <\/p>\n<p><a class=\"more-link btn\" href=\"http:\/\/trail.camadeira.com\/?p=473\">Continue a ler<\/a><\/p>\n","protected":false},"author":1,"featured_media":0,"comment_status":"open","ping_status":"open","sticky":false,"template":"","format":"standard","meta":[],"categories":[1],"tags":[],"_links":{"self":[{"href":"http:\/\/trail.camadeira.com\/index.php?rest_route=\/wp\/v2\/posts\/473"}],"collection":[{"href":"http:\/\/trail.camadeira.com\/index.php?rest_route=\/wp\/v2\/posts"}],"about":[{"href":"http:\/\/trail.camadeira.com\/index.php?rest_route=\/wp\/v2\/types\/post"}],"author":[{"embeddable":true,"href":"http:\/\/trail.camadeira.com\/index.php?rest_route=\/wp\/v2\/users\/1"}],"replies":[{"embeddable":true,"href":"http:\/\/trail.camadeira.com\/index.php?rest_route=%2Fwp%2Fv2%2Fcomments&post=473"}],"version-history":[{"count":12,"href":"http:\/\/trail.camadeira.com\/index.php?rest_route=\/wp\/v2\/posts\/473\/revisions"}],"predecessor-version":[{"id":475,"href":"http:\/\/trail.camadeira.com\/index.php?rest_route=\/wp\/v2\/posts\/473\/revisions\/475"}],"wp:attachment":[{"href":"http:\/\/trail.camadeira.com\/index.php?rest_route=%2Fwp%2Fv2%2Fmedia&parent=473"}],"wp:term":[{"taxonomy":"category","embeddable":true,"href":"http:\/\/trail.camadeira.com\/index.php?rest_route=%2Fwp%2Fv2%2Fcategories&post=473"},{"taxonomy":"post_tag","embeddable":true,"href":"http:\/\/trail.camadeira.com\/index.php?rest_route=%2Fwp%2Fv2%2Ftags&post=473"}],"curies":[{"name":"wp","href":"https:\/\/api.w.org\/{rel}","templated":true}]}}