{"id":441,"date":"2011-04-12T13:01:40","date_gmt":"2011-04-12T12:01:40","guid":{"rendered":"http:\/\/trail.camadeira.com\/?p=441"},"modified":"2011-05-14T23:58:35","modified_gmt":"2011-05-14T22:58:35","slug":"km-vertical-do-funchal","status":"publish","type":"post","link":"http:\/\/trail.camadeira.com\/?p=441","title":{"rendered":"10 Junho 2011- Nova data para o KM Vertical do Funchal"},"content":{"rendered":"<p>Devido \u00e0s condi\u00e7\u00f5es climat\u00e9ricas adversas na hora que antecedeu a partida, o KM Vertical do Funchal foi adiado para o dia 10 de Junho pelas 10h30.<\/p>\n<p><a href=\"http:\/\/kmvertical.camadeira.com\/\">Informa\u00e7\u00f5es<\/a><\/p>\n<p><a href=\"http:\/\/trail.camadeira.com\/wp-content\/uploads\/2011\/04\/KMVerticalFunchalClubeAventuraDaMadeira450.jpg\"><img loading=\"lazy\" class=\"aligncenter size-medium wp-image-444\" title=\"KMVerticalFunchalClubeAventuraDaMadeira450\" src=\"http:\/\/trail.camadeira.com\/wp-content\/uploads\/2011\/04\/KMVerticalFunchalClubeAventuraDaMadeira450-211x300.jpg\" alt=\"\" width=\"211\" height=\"300\" srcset=\"http:\/\/trail.camadeira.com\/wp-content\/uploads\/2011\/04\/KMVerticalFunchalClubeAventuraDaMadeira450-211x300.jpg 211w, http:\/\/trail.camadeira.com\/wp-content\/uploads\/2011\/04\/KMVerticalFunchalClubeAventuraDaMadeira450.jpg 450w\" sizes=\"(max-width: 211px) 100vw, 211px\" \/><\/a><\/p>\n","protected":false},"excerpt":{"rendered":"<p>Devido \u00e0s condi\u00e7\u00f5es climat\u00e9ricas adversas na hora que antecedeu a partida, o KM Vertical do Funchal foi adiado para o dia 10 de Junho pelas 10h30. Informa\u00e7\u00f5es<\/p>\n","protected":false},"author":1,"featured_media":0,"comment_status":"open","ping_status":"open","sticky":false,"template":"","format":"standard","meta":[],"categories":[1],"tags":[],"_links":{"self":[{"href":"http:\/\/trail.camadeira.com\/index.php?rest_route=\/wp\/v2\/posts\/441"}],"collection":[{"href":"http:\/\/trail.camadeira.com\/index.php?rest_route=\/wp\/v2\/posts"}],"about":[{"href":"http:\/\/trail.camadeira.com\/index.php?rest_route=\/wp\/v2\/types\/post"}],"author":[{"embeddable":true,"href":"http:\/\/trail.camadeira.com\/index.php?rest_route=\/wp\/v2\/users\/1"}],"replies":[{"embeddable":true,"href":"http:\/\/trail.camadeira.com\/index.php?rest_route=%2Fwp%2Fv2%2Fcomments&post=441"}],"version-history":[{"count":5,"href":"http:\/\/trail.camadeira.com\/index.php?rest_route=\/wp\/v2\/posts\/441\/revisions"}],"predecessor-version":[{"id":443,"href":"http:\/\/trail.camadeira.com\/index.php?rest_route=\/wp\/v2\/posts\/441\/revisions\/443"}],"wp:attachment":[{"href":"http:\/\/trail.camadeira.com\/index.php?rest_route=%2Fwp%2Fv2%2Fmedia&parent=441"}],"wp:term":[{"taxonomy":"category","embeddable":true,"href":"http:\/\/trail.camadeira.com\/index.php?rest_route=%2Fwp%2Fv2%2Fcategories&post=441"},{"taxonomy":"post_tag","embeddable":true,"href":"http:\/\/trail.camadeira.com\/index.php?rest_route=%2Fwp%2Fv2%2Ftags&post=441"}],"curies":[{"name":"wp","href":"https:\/\/api.w.org\/{rel}","templated":true}]}}