{"id":435,"date":"2011-04-04T03:00:46","date_gmt":"2011-04-04T02:00:46","guid":{"rendered":"http:\/\/trail.camadeira.com\/?p=435"},"modified":"2011-04-04T03:05:06","modified_gmt":"2011-04-04T02:05:06","slug":"transgrancanaria-pedro-alves-com-excelente-participacao","status":"publish","type":"post","link":"http:\/\/trail.camadeira.com\/?p=435","title":{"rendered":"Transgrancanaria 2011- Pedro Alves com excelente participa\u00e7\u00e3o &#8211; 4,5 e 6 Mar\u00e7o"},"content":{"rendered":"<p><a href=\"http:\/\/trail.camadeira.com\/wp-content\/uploads\/2011\/04\/pedro-alves.jpg\"><img loading=\"lazy\" class=\"aligncenter size-medium wp-image-436\" title=\"pedro alves\" src=\"http:\/\/trail.camadeira.com\/wp-content\/uploads\/2011\/04\/pedro-alves-273x300.jpg\" alt=\"\" width=\"311\" height=\"284\" \/><\/a><\/p>\n<p>Pedro Alves conseguiu uma vez mais concluir um dura prova de trail na ilha de Gran Canaria. Numa comitiva de v\u00e1rios madeirenses, o atleta do Clube Aventura da Madeira consguiu terminar uma prova muito dura, com uma chuva muito intensa durante o primeiro periodo do trajecto.<\/p>\n<p><a href=\"http:\/\/www.transgrancanaria.net\/paginas\/ver\/27\">P\u00e1gina da prova e Resultados<\/a><\/p>\n","protected":false},"excerpt":{"rendered":"<p>Pedro Alves conseguiu uma vez mais concluir um dura prova de trail na ilha de Gran Canaria. Numa comitiva de v\u00e1rios madeirenses, o atleta do Clube Aventura da Madeira consguiu terminar uma prova muito dura, com uma chuva muito intensa durante o primeiro periodo do trajecto. P\u00e1gina da prova e Resultados<\/p>\n","protected":false},"author":1,"featured_media":0,"comment_status":"open","ping_status":"open","sticky":false,"template":"","format":"standard","meta":[],"categories":[1],"tags":[],"_links":{"self":[{"href":"http:\/\/trail.camadeira.com\/index.php?rest_route=\/wp\/v2\/posts\/435"}],"collection":[{"href":"http:\/\/trail.camadeira.com\/index.php?rest_route=\/wp\/v2\/posts"}],"about":[{"href":"http:\/\/trail.camadeira.com\/index.php?rest_route=\/wp\/v2\/types\/post"}],"author":[{"embeddable":true,"href":"http:\/\/trail.camadeira.com\/index.php?rest_route=\/wp\/v2\/users\/1"}],"replies":[{"embeddable":true,"href":"http:\/\/trail.camadeira.com\/index.php?rest_route=%2Fwp%2Fv2%2Fcomments&post=435"}],"version-history":[{"count":4,"href":"http:\/\/trail.camadeira.com\/index.php?rest_route=\/wp\/v2\/posts\/435\/revisions"}],"predecessor-version":[{"id":440,"href":"http:\/\/trail.camadeira.com\/index.php?rest_route=\/wp\/v2\/posts\/435\/revisions\/440"}],"wp:attachment":[{"href":"http:\/\/trail.camadeira.com\/index.php?rest_route=%2Fwp%2Fv2%2Fmedia&parent=435"}],"wp:term":[{"taxonomy":"category","embeddable":true,"href":"http:\/\/trail.camadeira.com\/index.php?rest_route=%2Fwp%2Fv2%2Fcategories&post=435"},{"taxonomy":"post_tag","embeddable":true,"href":"http:\/\/trail.camadeira.com\/index.php?rest_route=%2Fwp%2Fv2%2Ftags&post=435"}],"curies":[{"name":"wp","href":"https:\/\/api.w.org\/{rel}","templated":true}]}}