{"id":415,"date":"2010-12-07T12:31:58","date_gmt":"2010-12-07T11:31:58","guid":{"rendered":"http:\/\/trail.camadeira.com\/?p=415"},"modified":"2010-12-07T12:31:58","modified_gmt":"2010-12-07T11:31:58","slug":"km-vertical-do-fanal","status":"publish","type":"post","link":"http:\/\/trail.camadeira.com\/?p=415","title":{"rendered":"Km Vertical do Fanal"},"content":{"rendered":"<p>No pr\u00f3ximo dia 12 de Dezembro, ir\u00e1 decorrer a primeira prova de Km Vertical na Madeira, num percurso entre a Ribeira Funda e o Fanal.<\/p>\n<p>Para mais informa\u00e7\u00f5es consultar o site do evento em:<\/p>\n<p><a href=\"http:\/\/www.cmofunchal.org\/cmofunchal\/trail\/1kmv\/\">http:\/\/www.cmofunchal.org\/cmofunchal\/trail\/1kmv\/<\/a><\/p>\n<p>Todos os atletas do Clube Aventura da Madeira interessados na participa\u00e7\u00e3o, devem contactar o Clube caso pretendam algum apoio (inscri\u00e7\u00e3o e transporte).<\/p>\n","protected":false},"excerpt":{"rendered":"<p>No pr\u00f3ximo dia 12 de Dezembro, ir\u00e1 decorrer a primeira prova de Km Vertical na Madeira, num percurso entre a Ribeira Funda e o Fanal. Para mais informa\u00e7\u00f5es consultar o site do evento em: http:\/\/www.cmofunchal.org\/cmofunchal\/trail\/1kmv\/ Todos os atletas do Clube Aventura da Madeira interessados na participa\u00e7\u00e3o, devem contactar o Clube caso pretendam algum apoio (inscri\u00e7\u00e3o &hellip; <\/p>\n<p><a class=\"more-link btn\" href=\"http:\/\/trail.camadeira.com\/?p=415\">Continue a ler<\/a><\/p>\n","protected":false},"author":1,"featured_media":0,"comment_status":"open","ping_status":"open","sticky":false,"template":"","format":"standard","meta":[],"categories":[1],"tags":[],"_links":{"self":[{"href":"http:\/\/trail.camadeira.com\/index.php?rest_route=\/wp\/v2\/posts\/415"}],"collection":[{"href":"http:\/\/trail.camadeira.com\/index.php?rest_route=\/wp\/v2\/posts"}],"about":[{"href":"http:\/\/trail.camadeira.com\/index.php?rest_route=\/wp\/v2\/types\/post"}],"author":[{"embeddable":true,"href":"http:\/\/trail.camadeira.com\/index.php?rest_route=\/wp\/v2\/users\/1"}],"replies":[{"embeddable":true,"href":"http:\/\/trail.camadeira.com\/index.php?rest_route=%2Fwp%2Fv2%2Fcomments&post=415"}],"version-history":[{"count":1,"href":"http:\/\/trail.camadeira.com\/index.php?rest_route=\/wp\/v2\/posts\/415\/revisions"}],"predecessor-version":[{"id":416,"href":"http:\/\/trail.camadeira.com\/index.php?rest_route=\/wp\/v2\/posts\/415\/revisions\/416"}],"wp:attachment":[{"href":"http:\/\/trail.camadeira.com\/index.php?rest_route=%2Fwp%2Fv2%2Fmedia&parent=415"}],"wp:term":[{"taxonomy":"category","embeddable":true,"href":"http:\/\/trail.camadeira.com\/index.php?rest_route=%2Fwp%2Fv2%2Fcategories&post=415"},{"taxonomy":"post_tag","embeddable":true,"href":"http:\/\/trail.camadeira.com\/index.php?rest_route=%2Fwp%2Fv2%2Ftags&post=415"}],"curies":[{"name":"wp","href":"https:\/\/api.w.org\/{rel}","templated":true}]}}