{"id":4,"date":"2009-09-29T01:27:39","date_gmt":"2009-09-29T00:27:39","guid":{"rendered":"http:\/\/trail.camadeira.com\/?p=4"},"modified":"2010-04-13T00:39:04","modified_gmt":"2010-04-12T23:39:04","slug":"trail-des-aiguilles-rouges","status":"publish","type":"post","link":"http:\/\/trail.camadeira.com\/?p=4","title":{"rendered":"Trail des Aiguilles Rouges 2009"},"content":{"rendered":"<p>Passado dia 27 de Setembro, realizou-se no vale de Chamonix mais uma prova de <span>trail<\/span>, o <span>Trail<\/span> <span>des<\/span> <span>Aiguilles<\/span> <span>Rouges<\/span>. Prova que re\u00fane alguns dos melhores especialistas da modalidade, devido a ser uma prova com um razo\u00e1vel grau de dificuldade em apenas 50km&#8217;s, com 3292m de desn\u00edvel acumulado num terreno quase sempre muito t\u00e9cnico, impedindo uma progress\u00e3o a um ritmo mais r\u00e1pido.<\/p>\n<p><img loading=\"lazy\" class=\"aligncenter size-medium wp-image-25\" title=\"Gon\u00e7alo Silva &amp; Nuno Caetano\" src=\"http:\/\/trail.camadeira.com\/wp-content\/uploads\/2009\/09\/Gon\u00e7alo-Silva-Nuno-Caetano1-300x225.jpg\" alt=\"Gon\u00e7alo Silva &amp; Nuno Caetano\" width=\"300\" height=\"225\" \/><\/p>\n<p>Esta edi\u00e7\u00e3o contou a presen\u00e7a dos dois madeirenses Gon\u00e7alo Silva (Clube Aventura da Madeira) e o Nuno Caetano entre os 719 atletas \u00e0 partida. A partida foi \u00e1s 5h da manh\u00e3 em Vallorcine debaixo de amea\u00e7a de chuva, que acabou mesmo por cair logo a seguir ao primeiro km aumentando ainda mais a dificuldade do percurso. O in\u00edcio foi ainda de noite com uma pequena volta na vila de Vallorcine, por trilhos menos t\u00e9cnicos o que permitiu seguir a um ritmo mais r\u00e1pido, mas na sa\u00edda da vila para come\u00e7ar a subir para o primeiro controle no Ref\u00fagio de Pierre \u00e0 B\u00e9rard (km 6,3), o trilhos come\u00e7aram a ser mais exigentes o que fez j\u00e1 uma primeira triagem nos atletas participantes. Do ref\u00fagio at\u00e9 aos 2526m do Col de Salenton foram 600m de desn\u00edvel num terreno muito t\u00e9cnico com pouco trilho definido, inexistente mesmo quase ao chegar ao cume onde somente seguia-se por entre enormes calhaus, escorregadios pela chuva que ca\u00eda.<br \/>\nO in\u00edcio da descida do Col de Salenton at\u00e9 ao Ref\u00fagio Moede-Anterne (km 22,6) tamb\u00e9m foi algo complicada, num terreno mais regular mas com mais declive e escorregadio, que acabou por fazer algumas mossas nos atletas madeirenses, Nuno Caetano acabou mesmo por ser obrigado a desistir no controle seguinte por causa da forte tendinite que o impedia quase de andar e Gon\u00e7alo Silva teve uma queda que lhe afectou um pouco os joelhos e consequentemente o seu ritmo. Depois do Ref\u00fagio Moede-Anterne, foi preciso descer at\u00e9 aos 1587m da Pont d&#8217;Arlev\u00e9 para ent\u00e3o subir aos 2495m do Le Br\u00e9vent (km 31,6), \u00faltimos metros para este controle bem morosos.<br \/>\nOs 12km&#8217;s seguintes foram os mais exigentes, pois foram num terreno t\u00e9cnico com muitas rochas at\u00e9 \u00e0 Aiguillette <span>des<\/span> Houches (2285m) e ent\u00e3o descer at\u00e9 Servoz (814m) num terreno perigoso com partes muito t\u00e9cnicas de declive muito acentuado e escorregadio. Depois de Servoz (km 43) at\u00e9 a meta em Les Houches (Le Lac) a \u00fanica dificuldade foi a inclinada (mas curta) subida de La Venaz, mas sempre por terrenos mais regulares e f\u00e1ceis de progredir, progress\u00e3o que apenas continuava lenta pelo cansa\u00e7o adquirido nos km&#8217;s anteriores.<br \/>\nEsta \u00faltima parte do percurso, Gon\u00e7alo Silva seguiu na companhia de um dos atletas mais emblem\u00e1ticos da modalidade. Logo \u00e1 sa\u00edda de Servoz, o atleta madeirense apanhou o Vincent Delebarre da Team Quechua e este simp\u00e1ticamente foi at\u00e9 \u00e0 meta com o atleta madeirense. Vincent Delebarre que conta com um curr\u00edculo invej\u00e1vel, vencedor do Ultra <span>Trail<\/span> du Mont Blanc (2004), da Diagonale <span>des<\/span> Fous na Ilha da Reuni\u00e3o, duas vezes no Course <span>des<\/span> Templiers, cinco vezes campe\u00e3o de Fran\u00e7a em Raid de Orienta\u00e7\u00e3o e in\u00fameros p\u00f3dios em diversas provas.<\/p>\n<p>Como resultado final, Gon\u00e7alo Silva terminou em 88\u00ba posi\u00e7\u00e3o na geral com o tempo de 08h25m entre os 535 atletas que conseguiram acabar a prova. Esta foi ganha pelo emblem\u00e1tico Dawa Sherpa juntamente com Ludovic Pommeres, ambos com o tempo de 06h19m enquanto que nas damas a prova foi ganha pela Maud Giraud com 7h19m.<\/p>\n<p><strong>TABELA DE PASSAGENS DE GON\u00c7ALO SILVA :<\/strong><br \/>\n<a href=\"http:\/\/tar.livetrail.net\/coureur.php?type=dossard&amp;rech=694\" target=\"_blank\">http:\/\/tar.livetrail.net\/coureur.php?type=dossard&amp;rech=694<\/a><br \/>\n<strong>CLASSIFICA\u00c7\u00c3O GERAL :<\/strong><br \/>\n<a href=\"http:\/\/tar.livetrail.net\/classentete.php?course=tar\" target=\"_blank\">http:\/\/tar.livetrail.net\/classentete.php?course=tar<\/a><\/p>\n<p><img loading=\"lazy\" class=\"aligncenter size-full wp-image-69\" title=\"Vicent Delebarre e Gon\u00e7alo Silva\" src=\"http:\/\/trail.camadeira.com\/wp-content\/uploads\/2009\/09\/TAR1.jpg\" alt=\"Vicent Delebarre e Gon\u00e7alo Silva\" width=\"400\" height=\"533\" \/><\/p>\n<p style=\"text-align: center;\"><img loading=\"lazy\" class=\"size-full wp-image-70 aligncenter\" title=\"TAR6\" src=\"http:\/\/trail.camadeira.com\/wp-content\/uploads\/2009\/09\/TAR6.jpg\" alt=\"TAR6\" width=\"400\" height=\"300\" \/><\/p>\n<p style=\"text-align: center;\"><img loading=\"lazy\" class=\"size-full wp-image-71 aligncenter\" title=\"TAR2\" src=\"http:\/\/trail.camadeira.com\/wp-content\/uploads\/2009\/09\/TAR2.jpg\" alt=\"TAR2\" width=\"400\" height=\"300\" \/><\/p>\n<p style=\"text-align: center;\"><img loading=\"lazy\" class=\"aligncenter size-full wp-image-72\" title=\"TAR3\" src=\"http:\/\/trail.camadeira.com\/wp-content\/uploads\/2009\/09\/TAR3.jpg\" alt=\"TAR3\" width=\"400\" height=\"300\" \/><\/p>\n<p style=\"text-align: center;\"><img loading=\"lazy\" class=\"aligncenter size-full wp-image-75\" title=\"TAR4\" src=\"http:\/\/trail.camadeira.com\/wp-content\/uploads\/2009\/09\/TAR41.jpg\" alt=\"TAR4\" width=\"400\" height=\"300\" \/><\/p>\n<p style=\"text-align: center;\">\n<p style=\"text-align: center;\">\n<p style=\"text-align: center;\">\n<p style=\"text-align: center;\">\n<p style=\"text-align: center;\">\n<p style=\"text-align: center;\">\n<p style=\"text-align: center;\">\n","protected":false},"excerpt":{"rendered":"<p>Gon\u00e7alo Silva e Nuno Caetano participaram \u00faltima edi\u00e7\u00e3o do Trail des Aiguilles Rouges&#8230;<\/p>\n","protected":false},"author":1,"featured_media":0,"comment_status":"open","ping_status":"open","sticky":false,"template":"","format":"standard","meta":[],"categories":[1],"tags":[],"_links":{"self":[{"href":"http:\/\/trail.camadeira.com\/index.php?rest_route=\/wp\/v2\/posts\/4"}],"collection":[{"href":"http:\/\/trail.camadeira.com\/index.php?rest_route=\/wp\/v2\/posts"}],"about":[{"href":"http:\/\/trail.camadeira.com\/index.php?rest_route=\/wp\/v2\/types\/post"}],"author":[{"embeddable":true,"href":"http:\/\/trail.camadeira.com\/index.php?rest_route=\/wp\/v2\/users\/1"}],"replies":[{"embeddable":true,"href":"http:\/\/trail.camadeira.com\/index.php?rest_route=%2Fwp%2Fv2%2Fcomments&post=4"}],"version-history":[{"count":18,"href":"http:\/\/trail.camadeira.com\/index.php?rest_route=\/wp\/v2\/posts\/4\/revisions"}],"predecessor-version":[{"id":207,"href":"http:\/\/trail.camadeira.com\/index.php?rest_route=\/wp\/v2\/posts\/4\/revisions\/207"}],"wp:attachment":[{"href":"http:\/\/trail.camadeira.com\/index.php?rest_route=%2Fwp%2Fv2%2Fmedia&parent=4"}],"wp:term":[{"taxonomy":"category","embeddable":true,"href":"http:\/\/trail.camadeira.com\/index.php?rest_route=%2Fwp%2Fv2%2Fcategories&post=4"},{"taxonomy":"post_tag","embeddable":true,"href":"http:\/\/trail.camadeira.com\/index.php?rest_route=%2Fwp%2Fv2%2Ftags&post=4"}],"curies":[{"name":"wp","href":"https:\/\/api.w.org\/{rel}","templated":true}]}}