{"id":379,"date":"2010-09-18T11:05:37","date_gmt":"2010-09-18T10:05:37","guid":{"rendered":"http:\/\/trail.camadeira.com\/?p=379"},"modified":"2010-09-20T14:14:37","modified_gmt":"2010-09-20T13:14:37","slug":"goncalo-e-pedro-na-meta-do-tor-des-geants","status":"publish","type":"post","link":"http:\/\/trail.camadeira.com\/?p=379","title":{"rendered":"Gon\u00e7alo e Pedro na Meta do Tor des G\u00e9ants"},"content":{"rendered":"<p>Parab\u00e9ns Gon\u00e7alo Silva e Pedro Alves pela conclus\u00e3o de um enorme desafio &#8211; 334,7 km e 23470 metros de desn\u00edvel positivo acumulado, em menos de 150horas!<\/p>\n<p style=\"text-align: center;\"><a href=\"http:\/\/trail.camadeira.com\/wp-content\/uploads\/2010\/09\/IMGP3999-c\u00f3pia.jpg\"><img loading=\"lazy\" class=\"aligncenter size-full wp-image-389\" title=\"IMGP3999 c\u00f3pia\" src=\"http:\/\/trail.camadeira.com\/wp-content\/uploads\/2010\/09\/IMGP3999-c\u00f3pia.jpg\" alt=\"\" width=\"560\" height=\"420\" srcset=\"http:\/\/trail.camadeira.com\/wp-content\/uploads\/2010\/09\/IMGP3999-c\u00f3pia.jpg 800w, http:\/\/trail.camadeira.com\/wp-content\/uploads\/2010\/09\/IMGP3999-c\u00f3pia-300x225.jpg 300w\" sizes=\"(max-width: 560px) 100vw, 560px\" \/><\/a><\/p>\n<p><a href=\"http:\/\/trail.camadeira.com\/wp-content\/uploads\/2010\/09\/IMGP3999-c\u00f3pia.jpg\">&#8211; <\/a><a href=\"http:\/\/www.youtube.com\/watch?v=A0k46fPtrgI\" target=\"_blank\"><strong>V\u00cdDEO  DA CHEGADA<\/strong><\/a><a href=\"http:\/\/trail.camadeira.com\/wp-content\/uploads\/2010\/09\/IMGP3999-c\u00f3pia.jpg\"><br \/>\n<\/a><\/p>\n<p>Independentemente dos resultados na geral absoluta, 148\u00ba e 149.\u00ba respectivamente, a classifica\u00e7\u00e3o na primeira metade dos participantes, as in\u00fameras desist\u00eancias que ocorreram,\u00a0 a dureza da prova, o m\u00e9rito da iniciativa\u00a0de participarem nesta primeira edi\u00e7\u00e3o que marca a hist\u00f3ria das competi\u00e7\u00f5es de trail no mundo, Gon\u00e7alo e Pedro superaram as expectativas e todas as dificuldades que surgiram e colocaram o nome de Portugal e da Madeira entre a elite dos praticantes de trail que participaram e junto dos muitos que seguiram esta prova, que com certeza,\u00a0ter\u00e1 outra projec\u00e7\u00e3o em futuras edi\u00e7\u00f5es.<\/p>\n<p>Brevemente mais noticias e fotos do evento.<\/p>\n<p><a href=\"http:\/\/www.tordesgeants.it\/tordesgeants\/index.php\/fra\/video\" target=\"_blank\">V\u00eddeos<\/a><\/p>\n<p><a href=\"http:\/\/www.tordesgeants.it\/tordesgeants\/index.php\/fra\/\">Site do Evento<\/a><\/p>\n<p><a href=\"http:\/\/lnx.courmayeurtrailers.it\/cronometraggio_2010_tdg\/situazione_gara_utente_87.php\">Cronometragem<\/a><\/p>\n<p><a href=\"http:\/\/www.tordesgeants.it\/tordesgeants\/plugins\/cartina\/km_dislivelli.pdf\">Dist\u00e2ncias e Desn\u00edveis<\/a><\/p>\n<p><a href=\"http:\/\/www.tordesgeants.it\/tordesgeants\/index.php\/fra\/cartina\">Mapa da Prova<\/a><\/p>\n","protected":false},"excerpt":{"rendered":"<p>Parab\u00e9ns Gon\u00e7alo Silva e Pedro Alves pela conclus\u00e3o de um enorme desafio &#8211; 334,7 km e 23470 metros de desn\u00edvel positivo acumulado, em menos de 150horas! &#8211; V\u00cdDEO DA CHEGADA Independentemente dos resultados na geral absoluta, 148\u00ba e 149.\u00ba respectivamente, a classifica\u00e7\u00e3o na primeira metade dos participantes, as in\u00fameras desist\u00eancias que ocorreram,\u00a0 a dureza da &hellip; <\/p>\n<p><a class=\"more-link btn\" href=\"http:\/\/trail.camadeira.com\/?p=379\">Continue a ler<\/a><\/p>\n","protected":false},"author":1,"featured_media":0,"comment_status":"open","ping_status":"open","sticky":false,"template":"","format":"standard","meta":[],"categories":[1],"tags":[],"_links":{"self":[{"href":"http:\/\/trail.camadeira.com\/index.php?rest_route=\/wp\/v2\/posts\/379"}],"collection":[{"href":"http:\/\/trail.camadeira.com\/index.php?rest_route=\/wp\/v2\/posts"}],"about":[{"href":"http:\/\/trail.camadeira.com\/index.php?rest_route=\/wp\/v2\/types\/post"}],"author":[{"embeddable":true,"href":"http:\/\/trail.camadeira.com\/index.php?rest_route=\/wp\/v2\/users\/1"}],"replies":[{"embeddable":true,"href":"http:\/\/trail.camadeira.com\/index.php?rest_route=%2Fwp%2Fv2%2Fcomments&post=379"}],"version-history":[{"count":9,"href":"http:\/\/trail.camadeira.com\/index.php?rest_route=\/wp\/v2\/posts\/379\/revisions"}],"predecessor-version":[{"id":391,"href":"http:\/\/trail.camadeira.com\/index.php?rest_route=\/wp\/v2\/posts\/379\/revisions\/391"}],"wp:attachment":[{"href":"http:\/\/trail.camadeira.com\/index.php?rest_route=%2Fwp%2Fv2%2Fmedia&parent=379"}],"wp:term":[{"taxonomy":"category","embeddable":true,"href":"http:\/\/trail.camadeira.com\/index.php?rest_route=%2Fwp%2Fv2%2Fcategories&post=379"},{"taxonomy":"post_tag","embeddable":true,"href":"http:\/\/trail.camadeira.com\/index.php?rest_route=%2Fwp%2Fv2%2Ftags&post=379"}],"curies":[{"name":"wp","href":"https:\/\/api.w.org\/{rel}","templated":true}]}}