{"id":358,"date":"2010-09-17T05:56:46","date_gmt":"2010-09-17T04:56:46","guid":{"rendered":"http:\/\/trail.camadeira.com\/?p=358"},"modified":"2010-09-18T00:19:22","modified_gmt":"2010-09-17T23:19:22","slug":"tor-des-geants-6-%c2%ba-dia-de-trail-17-set-2010","status":"publish","type":"post","link":"http:\/\/trail.camadeira.com\/?p=358","title":{"rendered":"Tor des Ge\u00e1nts -6.\u00ba Dia de Trail-17 Set. 2010"},"content":{"rendered":"<p>22:34:41 &#8211; Gon\u00e7alo e Pedro\u00a0controlam em St. Rhemy rumo \u00e0 chegada, s\u00f3 faltam 29 kms e 1402 metros de desn\u00edvel\u00a0para atingir a\u00a0meta em Courmayeur. Os atletas t\u00eam agora cerca de 9 a 10 horas\u00a0de marcha pela frente, sendo previs\u00edvel, que sem contratempos, cortem a meta no in\u00edcio da manh\u00e3 entre as 8h e as 10h.<\/p>\n<p>16:01:59- Pedro Alves parte de Ollomont e Gon\u00e7alo Silva sai logo atr\u00e1s. Ambos t\u00eam pela frente o sector final, com 48 km e 3182 metros de desn\u00edvel acumulado. A boa disposi\u00e7\u00e3o e a expectativa de conseguir cumprir este duro desafio s\u00e3o a t\u00f3nica de ambos \u00e0 partida da \u00faltima grande base de apoio.<\/p>\n<p>13:43:54 &#8211; Gon\u00e7alo Silva chega Ollomont, fim do sexto sector da prova. Pedro Alves mantem a dist\u00e2ncia para o colega de clube fazendo a gest\u00e3o dos recursos f\u00edsicos, com algumas debilidades a dificultar a progress\u00e3o, chega ao km 286,9\u00a0 um pouco mais tarde, para um merecido e &#8220;breve&#8221; descanso de cerca de duas horas.<\/p>\n<p>7:16:30 (Hora em It\u00e1lia) &#8211; Gon\u00e7alo Silva\u00a0controla em Close, Pedro Alves vem ligeiramente atrasado, e controla 2o minutos depois.<\/p>\n<p>0:09:36 (Hora em It\u00e1lia) &#8211; Pedro passa em Rif. Cuney.<\/p>\n<p>Pedro Alves e Gon\u00e7alo Silva resistem ao duro desafio do Tor des G\u00e9ants, 334,9km e 23470 metros de desn\u00edvel acumulado s\u00f3 em subidas. A pouco mais de 24 horas do tempo limite (15o horas) j\u00e1 desistiram 108 concorrentes, sensivelmente um ter\u00e7o dos que partiram.<\/p>\n<p><strong><a href=\"http:\/\/lnx.courmayeurtrailers.it\/cronometraggio_2010_tdg\/situazione_gara_utente_87.php\">Cronometragem On-line<\/a><\/strong><\/p>\n<p><strong><a href=\"http:\/\/www.tordesgeants.it\/tordesgeants\/plugins\/cartina\/km_dislivelli.pdf\">Dist\u00e2ncias e desn\u00edveis<\/a><\/strong><\/p>\n<p><strong><a href=\"http:\/\/www.tordesgeants.it\/tordesgeants\/index.php\/fra\/\">Site da prova<\/a><\/strong><\/p>\n<p><a href=\"http:\/\/www.tordesgeants.it\/tordesgeants\/index.php\/fra\/cartina\"><strong>Mapa da Prova<\/strong><\/a><\/p>\n<p><a href=\"http:\/\/www.tordesgeants.it\/tordesgeants\/index.php\/fra\/video\">Videos<\/a><\/p>\n","protected":false},"excerpt":{"rendered":"<p>22:34:41 &#8211; Gon\u00e7alo e Pedro\u00a0controlam em St. Rhemy rumo \u00e0 chegada, s\u00f3 faltam 29 kms e 1402 metros de desn\u00edvel\u00a0para atingir a\u00a0meta em Courmayeur. Os atletas t\u00eam agora cerca de 9 a 10 horas\u00a0de marcha pela frente, sendo previs\u00edvel, que sem contratempos, cortem a meta no in\u00edcio da manh\u00e3 entre as 8h e as 10h. &hellip; <\/p>\n<p><a class=\"more-link btn\" href=\"http:\/\/trail.camadeira.com\/?p=358\">Continue a ler<\/a><\/p>\n","protected":false},"author":1,"featured_media":0,"comment_status":"open","ping_status":"open","sticky":false,"template":"","format":"standard","meta":[],"categories":[1],"tags":[],"_links":{"self":[{"href":"http:\/\/trail.camadeira.com\/index.php?rest_route=\/wp\/v2\/posts\/358"}],"collection":[{"href":"http:\/\/trail.camadeira.com\/index.php?rest_route=\/wp\/v2\/posts"}],"about":[{"href":"http:\/\/trail.camadeira.com\/index.php?rest_route=\/wp\/v2\/types\/post"}],"author":[{"embeddable":true,"href":"http:\/\/trail.camadeira.com\/index.php?rest_route=\/wp\/v2\/users\/1"}],"replies":[{"embeddable":true,"href":"http:\/\/trail.camadeira.com\/index.php?rest_route=%2Fwp%2Fv2%2Fcomments&post=358"}],"version-history":[{"count":12,"href":"http:\/\/trail.camadeira.com\/index.php?rest_route=\/wp\/v2\/posts\/358\/revisions"}],"predecessor-version":[{"id":378,"href":"http:\/\/trail.camadeira.com\/index.php?rest_route=\/wp\/v2\/posts\/358\/revisions\/378"}],"wp:attachment":[{"href":"http:\/\/trail.camadeira.com\/index.php?rest_route=%2Fwp%2Fv2%2Fmedia&parent=358"}],"wp:term":[{"taxonomy":"category","embeddable":true,"href":"http:\/\/trail.camadeira.com\/index.php?rest_route=%2Fwp%2Fv2%2Fcategories&post=358"},{"taxonomy":"post_tag","embeddable":true,"href":"http:\/\/trail.camadeira.com\/index.php?rest_route=%2Fwp%2Fv2%2Ftags&post=358"}],"curies":[{"name":"wp","href":"https:\/\/api.w.org\/{rel}","templated":true}]}}