{"id":305,"date":"2010-09-13T08:00:57","date_gmt":"2010-09-13T07:00:57","guid":{"rendered":"http:\/\/trail.camadeira.com\/?p=305"},"modified":"2010-09-15T03:32:07","modified_gmt":"2010-09-15T02:32:07","slug":"tor-des-geants-2-%c2%ba-dia","status":"publish","type":"post","link":"http:\/\/trail.camadeira.com\/?p=305","title":{"rendered":"Tor des G\u00e9ants &#8211; 2.\u00ba Dia &#8211; 13 Setembro 2010"},"content":{"rendered":"<p>21:54 (hora em It\u00e1lia) &#8211; Gon\u00e7alo Silva e Pedro Alves chegam ao fim do segundo sector da prova, em Cogne . Hoje foi um dia muito duro, Gon\u00e7alo recuperou um pouco do cansa\u00e7o e frio que lhe afectou no primeiro dia e sentiu-se muito bem, mas referiu que o percurso foi dificil, com descidas e subidas acentuadas, por trilhos muito irregulares,\u00a0a maioria\u00a0de cascalheira. Pedro Alves sentiu-se algo desgastado, mas controlou o andamento junto com o seu colega de equipa at\u00e9 ao controlo final do segundo sector.<\/p>\n<p>Os atletas j\u00e1 percorreram 106km&#8230;faltam ainda 224km e 4 dias de gest\u00e3o do esfor\u00e7o para concluir este enorme desafio.<\/p>\n<p>A organiza\u00e7\u00e3o tem estado muito bem, quer na sinaliza\u00e7\u00e3o do percurso quer no apoio aos atletas, fazendo uma festa em cada final de sector, onde\u00a0atribui aos atletas que finalizam uma medalha ..Gon\u00e7alo e Pedro j\u00e1 somam duas medalhas&#8230;<\/p>\n<p>2:48 (hora em It\u00e1lia) &#8211; Ap\u00f3s\u00a04 horas descanso Gon\u00e7alo Silva e Pedro Alves partiram para o segundo sector da prova, passaram juntos no controlo hor\u00e1rio em Rheme Notre Dame pelas\u00a07:25 cumprindo a m\u00e9dia geral feita pela maioria dos atletas.<\/p>\n<p><strong><a href=\"http:\/\/www.tordesgeants.it\/tordesgeants\/index.php\/fra\/cartina\">Mapa da Prova<\/a><\/strong><\/p>\n<p><strong><a href=\"http:\/\/lnx.courmayeurtrailers.it\/cronometraggio_2010_tdg\/situazione_gara_utente_87.php\">Cronometragem<\/a><\/strong><\/p>\n<p><strong><a href=\"http:\/\/www.tordesgeants.it\/tordesgeants\/plugins\/cartina\/km_dislivelli.pdf\">Dist\u00e2ncias e desn\u00edveis entre pontos<\/a><\/strong><\/p>\n","protected":false},"excerpt":{"rendered":"<p>21:54 (hora em It\u00e1lia) &#8211; Gon\u00e7alo Silva e Pedro Alves chegam ao fim do segundo sector da prova, em Cogne . Hoje foi um dia muito duro, Gon\u00e7alo recuperou um pouco do cansa\u00e7o e frio que lhe afectou no primeiro dia e sentiu-se muito bem, mas referiu que o percurso foi dificil, com descidas e &hellip; <\/p>\n<p><a class=\"more-link btn\" href=\"http:\/\/trail.camadeira.com\/?p=305\">Continue a ler<\/a><\/p>\n","protected":false},"author":1,"featured_media":0,"comment_status":"open","ping_status":"open","sticky":false,"template":"","format":"standard","meta":[],"categories":[1],"tags":[],"_links":{"self":[{"href":"http:\/\/trail.camadeira.com\/index.php?rest_route=\/wp\/v2\/posts\/305"}],"collection":[{"href":"http:\/\/trail.camadeira.com\/index.php?rest_route=\/wp\/v2\/posts"}],"about":[{"href":"http:\/\/trail.camadeira.com\/index.php?rest_route=\/wp\/v2\/types\/post"}],"author":[{"embeddable":true,"href":"http:\/\/trail.camadeira.com\/index.php?rest_route=\/wp\/v2\/users\/1"}],"replies":[{"embeddable":true,"href":"http:\/\/trail.camadeira.com\/index.php?rest_route=%2Fwp%2Fv2%2Fcomments&post=305"}],"version-history":[{"count":12,"href":"http:\/\/trail.camadeira.com\/index.php?rest_route=\/wp\/v2\/posts\/305\/revisions"}],"predecessor-version":[{"id":333,"href":"http:\/\/trail.camadeira.com\/index.php?rest_route=\/wp\/v2\/posts\/305\/revisions\/333"}],"wp:attachment":[{"href":"http:\/\/trail.camadeira.com\/index.php?rest_route=%2Fwp%2Fv2%2Fmedia&parent=305"}],"wp:term":[{"taxonomy":"category","embeddable":true,"href":"http:\/\/trail.camadeira.com\/index.php?rest_route=%2Fwp%2Fv2%2Fcategories&post=305"},{"taxonomy":"post_tag","embeddable":true,"href":"http:\/\/trail.camadeira.com\/index.php?rest_route=%2Fwp%2Fv2%2Ftags&post=305"}],"curies":[{"name":"wp","href":"https:\/\/api.w.org\/{rel}","templated":true}]}}