{"id":293,"date":"2010-09-12T14:58:46","date_gmt":"2010-09-12T13:58:46","guid":{"rendered":"http:\/\/trail.camadeira.com\/?p=293"},"modified":"2010-09-15T03:32:35","modified_gmt":"2010-09-15T02:32:35","slug":"tor-des-geants-comecou-o-desafio","status":"publish","type":"post","link":"http:\/\/trail.camadeira.com\/?p=293","title":{"rendered":"Tor des G\u00e9ants &#8211; Come\u00e7ou o Desafio &#8211; 12 Setembro 2010"},"content":{"rendered":"<p>\u00a023:00 &#8211; Gon\u00e7alo Silva e Pedro Alves descansam um pouco em Valgrisenche, tentando umas horas de sono,\u00a0ap\u00f3s cumprirem\u00a0 o 1.\u00ba sector da prova, com 49,7 km, e contam arrancar antes do tempo limite que s\u00e3o as 7 am de 13 Set.<\/p>\n<p>22:25:35 &#8211; Pedro Alves chega ao controlo hor\u00e1rio em Valgrisenche.<\/p>\n<p>22:18:49 &#8211; Gon\u00e7alo Silva chega ao controlo hor\u00e1rio em Valgrisenche.<\/p>\n<p>10:00:00 (Hora em It\u00e1lia) &#8211; Partida do Tor des G\u00e9ants em Courmayeur<\/p>\n<p><a href=\"http:\/\/www.tordesgeants.it\/tordesgeants\/plugins\/cartina\/km_dislivelli.pdf\">Tabela de dist\u00e2ncias e desn\u00edveis<\/a><\/p>\n<p><a href=\"http:\/\/trail.camadeira.com\/wp-content\/uploads\/2010\/09\/foto-gon\u00e7alo-tour-d-geants-net.jpg\"><img loading=\"lazy\" class=\"aligncenter size-medium wp-image-294\" title=\"foto gon\u00e7alo tour d geants net\" src=\"http:\/\/trail.camadeira.com\/wp-content\/uploads\/2010\/09\/foto-gon\u00e7alo-tour-d-geants-net-300x250.jpg\" alt=\"\" width=\"300\" height=\"250\" srcset=\"http:\/\/trail.camadeira.com\/wp-content\/uploads\/2010\/09\/foto-gon\u00e7alo-tour-d-geants-net-300x250.jpg 300w, http:\/\/trail.camadeira.com\/wp-content\/uploads\/2010\/09\/foto-gon\u00e7alo-tour-d-geants-net.jpg 575w\" sizes=\"(max-width: 300px) 100vw, 300px\" \/><\/a><\/p>\n<p>Gon\u00e7alo Silva e Pedro Alves esta manh\u00e3 em Courmayeur antes da partida para o Tor Des G\u00e9ants. Os atletas j\u00e1 superaram o primeiro controlo hor\u00e1rio em La Thuile por volta das 13:36 e seguem no ritmo definido.<\/p>\n<p>Mais informa\u00e7\u00f5es neste blog por voltas das 23h30, com o balan\u00e7o do primeiro dia de prova.<\/p>\n<p>Seguir os atletas (Pedro Alves peitoral 277 e Gon\u00e7alo Silva 278)<\/p>\n<p><a href=\"http:\/\/lnx.courmayeurtrailers.it\/cronometraggio_2010_tdg\/situazione_gara_utente_87.php\">Cronometragem nos controlos<\/a><\/p>\n","protected":false},"excerpt":{"rendered":"<p>\u00a023:00 &#8211; Gon\u00e7alo Silva e Pedro Alves descansam um pouco em Valgrisenche, tentando umas horas de sono,\u00a0ap\u00f3s cumprirem\u00a0 o 1.\u00ba sector da prova, com 49,7 km, e contam arrancar antes do tempo limite que s\u00e3o as 7 am de 13 Set. 22:25:35 &#8211; Pedro Alves chega ao controlo hor\u00e1rio em Valgrisenche. 22:18:49 &#8211; Gon\u00e7alo Silva &hellip; <\/p>\n<p><a class=\"more-link btn\" href=\"http:\/\/trail.camadeira.com\/?p=293\">Continue a ler<\/a><\/p>\n","protected":false},"author":1,"featured_media":0,"comment_status":"open","ping_status":"open","sticky":false,"template":"","format":"standard","meta":[],"categories":[1],"tags":[],"_links":{"self":[{"href":"http:\/\/trail.camadeira.com\/index.php?rest_route=\/wp\/v2\/posts\/293"}],"collection":[{"href":"http:\/\/trail.camadeira.com\/index.php?rest_route=\/wp\/v2\/posts"}],"about":[{"href":"http:\/\/trail.camadeira.com\/index.php?rest_route=\/wp\/v2\/types\/post"}],"author":[{"embeddable":true,"href":"http:\/\/trail.camadeira.com\/index.php?rest_route=\/wp\/v2\/users\/1"}],"replies":[{"embeddable":true,"href":"http:\/\/trail.camadeira.com\/index.php?rest_route=%2Fwp%2Fv2%2Fcomments&post=293"}],"version-history":[{"count":13,"href":"http:\/\/trail.camadeira.com\/index.php?rest_route=\/wp\/v2\/posts\/293\/revisions"}],"predecessor-version":[{"id":334,"href":"http:\/\/trail.camadeira.com\/index.php?rest_route=\/wp\/v2\/posts\/293\/revisions\/334"}],"wp:attachment":[{"href":"http:\/\/trail.camadeira.com\/index.php?rest_route=%2Fwp%2Fv2%2Fmedia&parent=293"}],"wp:term":[{"taxonomy":"category","embeddable":true,"href":"http:\/\/trail.camadeira.com\/index.php?rest_route=%2Fwp%2Fv2%2Fcategories&post=293"},{"taxonomy":"post_tag","embeddable":true,"href":"http:\/\/trail.camadeira.com\/index.php?rest_route=%2Fwp%2Fv2%2Ftags&post=293"}],"curies":[{"name":"wp","href":"https:\/\/api.w.org\/{rel}","templated":true}]}}