{"id":2888,"date":"2022-05-08T23:26:00","date_gmt":"2022-05-08T22:26:00","guid":{"rendered":"https:\/\/trail.camadeira.com\/?p=2888"},"modified":"2022-05-10T07:44:00","modified_gmt":"2022-05-10T06:44:00","slug":"fabio-santos-e-sara-rodrigues-vencem-prova-longa-e-alexandre-verissimo-e-cristina-arreiol-os-primeiros-na-distancia-curta-no-trail-da-ribeira-brava-2022","status":"publish","type":"post","link":"http:\/\/trail.camadeira.com\/?p=2888","title":{"rendered":"F\u00e1bio Santos e Sara Rodrigues vencem prova longa e Alexandre Ver\u00edssimo e Cristina Arreiol os primeiros na dist\u00e2ncia curta no Trail da Ribeira Brava 2022"},"content":{"rendered":"<p>A freguesia da Serra de \u00c1gua, no concelho da Ribeira Brava, recebeu a competi\u00e7\u00e3o regional de Trail Running, na manh\u00e3 de domingo, 8 de maio, com um evento organizado pelo Clube Aventura da Madeira que contou com duas provas, a longa com 21km e 1100 m de desn\u00edvel positivo e a prova curta com 12,5km e 550m D+. No conjunto das duas provas o evento registou 276 inscritos confirmados, 161 na prova curta e 115 na prova longa.<\/p>\n<p>A prova longa, com partida e meta instaladas na Praceta da Serra de \u00c1gua, iniciou-se \u00e0s 8h30, com os 101 atletas que compareceram \u00e0 partida, percorrido diversos s\u00edtios com destaque para Ameixieira, Piquinhos, Curral Janc\u00e3o, Encumeada, Achada dos Apar\u00edcios, Moleiro, Faj\u00e3 dos Vinh\u00e1ticos, Faj\u00e3 das \u00c9guas, Eira da Moura e Terra Grande.<\/p>\n<p><a href=\"http:\/\/trail.camadeira.com\/wp-content\/uploads\/2022\/05\/vencedores-2022A.jpg\"><img loading=\"lazy\" class=\"alignnone wp-image-2910 size-full\" src=\"http:\/\/trail.camadeira.com\/wp-content\/uploads\/2022\/05\/vencedores-2022A.jpg\" alt=\"\" width=\"1080\" height=\"1080\" srcset=\"http:\/\/trail.camadeira.com\/wp-content\/uploads\/2022\/05\/vencedores-2022A.jpg 1080w, http:\/\/trail.camadeira.com\/wp-content\/uploads\/2022\/05\/vencedores-2022A-300x300.jpg 300w, http:\/\/trail.camadeira.com\/wp-content\/uploads\/2022\/05\/vencedores-2022A-1024x1024.jpg 1024w, http:\/\/trail.camadeira.com\/wp-content\/uploads\/2022\/05\/vencedores-2022A-150x150.jpg 150w, http:\/\/trail.camadeira.com\/wp-content\/uploads\/2022\/05\/vencedores-2022A-768x768.jpg 768w, http:\/\/trail.camadeira.com\/wp-content\/uploads\/2022\/05\/vencedores-2022A-750x750.jpg 750w\" sizes=\"(max-width: 1080px) 100vw, 1080px\" \/><\/a><\/p>\n<p>F\u00e1bio Santos (CEE-M) esteve em destaque no Trail longo, integrou o grupo da frente logo \u00e0 partida e na segunda parte da prova ganhou alguma vantagem que lhe permitiu assegurar a vit\u00f3ria com o tempo de 1:55:27. Na segunda posi\u00e7\u00e3o Miguel Ferreira (CDES), com 1:57:48, e na terceira posi\u00e7\u00e3o classificou-se Bruno Silva (CEE-M) com 2:01:43.<\/p>\n<p>Na competi\u00e7\u00e3o feminina, Sara Rodrigues (GDE) venceu destacada, percorrendo os 21km em 2:23:40. Na segunda posi\u00e7\u00e3o classificou-se Camila Jo\u00e3o (GDE) com 2:34:16 e o terceiro lugar foi para Fabiana Gon\u00e7alves (CNSV) com o tempo de 2:37:40.<\/p>\n<p>A n\u00edvel coletivo, o Clube Naval de S\u00e3o Vicente venceu nos femininos e o Clube Escola do Estreito venceu nos masculinos.<\/p>\n<p>A prova curta foi a mais participada, com 141 atletas a partir do Hotel da Encumeada para um percurso seletivo, com 550 metros de desn\u00edvel positivo e cerca de 1000 metros de desn\u00edvel acumulado em descida.<\/p>\n<p>Os tr\u00eas primeiros na competi\u00e7\u00e3o da prova curta terminaram no mesmo minuto, destacando-se Alexandre Ver\u00edssimo (CAFH) que completou os 12,5km em 1:07:15, seguiu-se Jo\u00e3o Valente (CDCPM) na segunda posi\u00e7\u00e3o com 1:07:32, e na terceira posi\u00e7\u00e3o com 1:07:44 Emanuel Freitas (APCTT).<\/p>\n<p>Cristina Arreiol dominou a competi\u00e7\u00e3o feminina na dist\u00e2ncia curta, terminando na Praceta da Serra de \u00c1gua com 1:15:42. Na segunda posi\u00e7\u00e3o classificou-se Maria Jo\u00e3o Abreu (CDCPM) com 1:21:53 e S\u00f3nia Quelhas (CDCPM) foi terceira com 1:23:48.<\/p>\n<p>A competi\u00e7\u00e3o de equipas destacou o Centro Desportivo e Cultural do Porto Moniz que arrecadou vit\u00f3rias nos femininos e masculinos.<\/p>\n<p>A organiza\u00e7\u00e3o do Clube Aventura da Madeira na sua segunda edi\u00e7\u00e3o na Serra de \u00c1gua, mobilizou 45 elementos entre colaboradores e for\u00e7as de seguran\u00e7a, marcou 23km de percursos no total das duas provas competitivas, levando mais de tr\u00eas centenas de entusiastas do trail running \u00e0 Serra de \u00c1gua que proporcionaram uma anima\u00e7\u00e3o desportiva \u00e0 freguesia.<\/p>\n<p>O evento contou com os apoios da C\u00e2mara Municipal da Ribeira Brava, da junta de Freguesia da Serra de \u00c1gua, Dire\u00e7\u00e3o Regional de Desporto, Associa\u00e7\u00e3o de Atletismo da RAM, Associa\u00e7\u00e3o da Madeira de Desporto para Todos, Instituto de Florestas e Conserva\u00e7\u00e3o da Natureza, Hotel da Encumeada, Outdoor Run Shop Madeira, Innovation Fitness Club.<\/p>\n<p><strong><a href=\"https:\/\/trail.camadeira.com\/?page_id=2891\" target=\"_blank\" rel=\"noopener\">RESULTADOS 2022<\/a><\/strong><\/p>\n","protected":false},"excerpt":{"rendered":"<p>A freguesia da Serra de \u00c1gua, no concelho da Ribeira Brava, recebeu a competi\u00e7\u00e3o regional de Trail Running, na manh\u00e3 de domingo, 8 de maio, com um evento organizado pelo Clube Aventura da Madeira que contou com duas provas, a longa com 21km e 1100 m de desn\u00edvel positivo e a prova curta com 12,5km &hellip; <\/p>\n<p><a class=\"more-link btn\" href=\"http:\/\/trail.camadeira.com\/?p=2888\">Continue a ler<\/a><\/p>\n","protected":false},"author":1,"featured_media":0,"comment_status":"closed","ping_status":"closed","sticky":false,"template":"","format":"standard","meta":[],"categories":[5,1],"tags":[28,26,27,29,25],"_links":{"self":[{"href":"http:\/\/trail.camadeira.com\/index.php?rest_route=\/wp\/v2\/posts\/2888"}],"collection":[{"href":"http:\/\/trail.camadeira.com\/index.php?rest_route=\/wp\/v2\/posts"}],"about":[{"href":"http:\/\/trail.camadeira.com\/index.php?rest_route=\/wp\/v2\/types\/post"}],"author":[{"embeddable":true,"href":"http:\/\/trail.camadeira.com\/index.php?rest_route=\/wp\/v2\/users\/1"}],"replies":[{"embeddable":true,"href":"http:\/\/trail.camadeira.com\/index.php?rest_route=%2Fwp%2Fv2%2Fcomments&post=2888"}],"version-history":[{"count":8,"href":"http:\/\/trail.camadeira.com\/index.php?rest_route=\/wp\/v2\/posts\/2888\/revisions"}],"predecessor-version":[{"id":2915,"href":"http:\/\/trail.camadeira.com\/index.php?rest_route=\/wp\/v2\/posts\/2888\/revisions\/2915"}],"wp:attachment":[{"href":"http:\/\/trail.camadeira.com\/index.php?rest_route=%2Fwp%2Fv2%2Fmedia&parent=2888"}],"wp:term":[{"taxonomy":"category","embeddable":true,"href":"http:\/\/trail.camadeira.com\/index.php?rest_route=%2Fwp%2Fv2%2Fcategories&post=2888"},{"taxonomy":"post_tag","embeddable":true,"href":"http:\/\/trail.camadeira.com\/index.php?rest_route=%2Fwp%2Fv2%2Ftags&post=2888"}],"curies":[{"name":"wp","href":"https:\/\/api.w.org\/{rel}","templated":true}]}}