{"id":2872,"date":"2022-05-04T17:42:57","date_gmt":"2022-05-04T16:42:57","guid":{"rendered":"http:\/\/trail.camadeira.com\/?p=2872"},"modified":"2022-05-04T23:52:51","modified_gmt":"2022-05-04T22:52:51","slug":"informacao-aos-inscritos-trail-ribeira-brava-8-maio-2022","status":"publish","type":"post","link":"http:\/\/trail.camadeira.com\/?p=2872","title":{"rendered":"Informa\u00e7\u00e3o aos Inscritos -Trail Ribeira Brava &#8211; 8 Maio 2022"},"content":{"rendered":"<div>A presente informa\u00e7\u00e3o tem por objetivo resumir as indica\u00e7\u00f5es importantes a ter em conta para a participa\u00e7\u00e3o na prova que est\u00e1 inscrito.<\/div>\n<div>\u00a0<\/div>\n<ul>\n<li><strong><a href=\"http:\/\/trail.camadeira.com\/?page_id=2814\">LISTA DE INSCRITOS<\/a><\/strong><\/li>\n<\/ul>\n<p><strong>PEITORAL &#8211; LEVANTAMENTO<\/strong><\/p>\n<p>\u2013 Levantamento do peitoral \u2013 <strong>Dia 6 maio 2022<\/strong> &#8211; Sede da\u00a0 AARAM 12h30\/18h | <strong>Dia 7 maio 2022<\/strong> &#8211; Praceta Serra de \u00c1gua 14h30\/18h \u2013 ver programa \u2013 <a href=\"http:\/\/trail.camadeira.com\/?page_id=2498\" target=\"_blank\" rel=\"noopener\">http:\/\/trail.camadeira.com\/?page_id=2498<\/a><\/p>\n<p>\u2013 Para o levantamento do peitoral + chip de cronometragem deve o inscrito entregar o <strong><a href=\"http:\/\/trail.camadeira.com\/?page_id=2851\" target=\"_blank\" rel=\"noopener\">termo de responsabilidade<\/a><\/strong> no momento de levantar o peitoral ou antecipadamente por via digital para o\u00a0\u00a0email: <a href=\"mailto:camadeira.trail@gmail.com\" target=\"_blank\" rel=\"noopener\">camadeira.trail@gmail.com<\/a>\u00a0 \u00a0<\/p>\n<p>\u00a0A entrega de peitorais por terceiros implica ainda a apresenta\u00e7\u00e3o de c\u00f3pia de documento de identifica\u00e7\u00e3o (CC) do inscrito. Um representante autorizado pelo clube (enviar email) pode levantar os peitorais dos atletas do respetivo clube.<\/p>\n<p>\u2013 o peitoral \u00e9 fixado na zona peitoral\/abdominal \u2013 Sem o peitoral e respectivo chip integrado o atleta n\u00e3o ser\u00e1 classificado na prova.<\/p>\n<p><strong>MEDIDAS GERAIS COVID-19 PROVA<\/strong><\/p>\n<p>\u2013 De acordo com as medidas de preven\u00e7\u00e3o e seguran\u00e7a em vigor na Madeira, de acordo com as determina\u00e7\u00f5es das autoridades competentes.<\/p>\n<p><strong>PARTIDA<\/strong><\/p>\n<p>Ver <strong>Programa<\/strong> \u2013\u00a0<a href=\"http:\/\/trail.camadeira.com\/?page_id=2498\" target=\"_blank\" rel=\"noopener\">http:\/\/trail.camadeira.com\/?page_id=2498<\/a><\/p>\n<p>Ver <strong>Localiza\u00e7\u00f5es<\/strong> &#8211;\u00a0<a href=\"http:\/\/trail.camadeira.com\/?page_id=2465\" target=\"_blank\" rel=\"noopener\">http:\/\/trail.camadeira.com\/?page_id=2465<\/a><\/p>\n<p><b>TRB 21KM\u00a0 \u2013<\/b><strong> A partida ser\u00e1 efetuada \u00e0s 8h30<\/strong> na Praceta da Serra de \u00c1gua<br \/>Os inscritos devem comparecer no local atempadamente.\u00a0<\/p>\n<p><b>MINI TRB 12,5KM \u2013 <\/b><strong>A Partida ser\u00e1 efetuada \u00e0s 9h30<\/strong>, junto ao Hotel da Encumeada.<\/p>\n<p>Os inscritos devem comparecer no <strong><a href=\"http:\/\/trail.camadeira.com\/wp-content\/uploads\/2022\/05\/Localizacao-Partida-Transporte-MTRB-125KM.jpg\" target=\"_blank\" rel=\"noopener\">local de sa\u00edda do Transporte para a Partida<\/a><\/strong>, que sai do entroncamento da Estrada Dr. Jord\u00e3o Faria Paulino com a Estrada Regional 228 (sinaliza\u00e7\u00e3o a partir do centro do evento) \u2013 ver localiza\u00e7\u00e3o google maps \u2013\u00a0<a href=\"https:\/\/goo.gl\/maps\/kPSY1M5d8RfSQg7z5\" target=\"_blank\" rel=\"noreferrer noopener\">https:\/\/goo.gl\/maps\/<wbr \/>kPSY1M5d8RfSQg7z5<\/a><\/p>\n<p>\u2013 Os inscritos com o peitoral 201 a 281 devem comparecer no local indicado at\u00e9 8h30, os autocarros partem 8h40. Os inscritos com peitoral de 282 a 361 devem comparecer no mesmo local at\u00e9 \u00e0s 8h50, os autocarros partem \u00e0s 9h00.<\/p>\n<p>&#8211; Qualquer altera\u00e7\u00e3o no hor\u00e1rio de chegada dos inscritos ao local de partida devido ao transporte da organiza\u00e7\u00e3o, est\u00e1 salvaguardada.<\/p>\n<p><strong>NA PROVA<\/strong><\/p>\n<p>Os atletas t\u00eam de obrigatoriamente seguir o trajeto sinalizado, com fitas vermelhas\/rosa, setas, fita balizadora branco\/vermelho. Sempre que existir op\u00e7\u00f5es de itiner\u00e1rio \u00e9 obriga\u00e7\u00e3o dos participantes confirmar a exist\u00eancia de sinaliza\u00e7\u00e3o na op\u00e7\u00e3o seguir.\u00a0N\u00e3o dever\u00e3o percorrer dist\u00e2ncias significativas sem encontrar sinaliza\u00e7\u00e3o.<\/p>\n<p>Os atletas devem, sempre que poss\u00edvel manter o distanciamento social, facilitar a passagem de atletas mais r\u00e1pidos, ter em aten\u00e7\u00e3o a circula\u00e7\u00e3o\/atravessamentos de estradas com circula\u00e7\u00e3o autom\u00f3vel, e ter em aten\u00e7\u00e3o \u00e0 zonas de piso irregular, escorregadio ou passagens expostas, progredindo de forma cuidada e respons\u00e1vel.<\/p>\n<p><b>ABASTECIMENTOS &#8211; POSTOS DE CONTROLO<\/b><\/p>\n<p>Ver tabelas de passagem e abastecimentos em: <a href=\"http:\/\/trail.camadeira.com\/?page_id=2465\" target=\"_blank\" rel=\"noopener\">http:\/\/trail.camadeira.com\/?page_id=2465<\/a><\/p>\n<p>Entre outros controlos pela organiza\u00e7\u00e3o, est\u00e1 previsto um controlo de cronometragem para ambas as provas (21km e 12,5km) na passagem pelo pelo Hotel da Encumeada e caminho da Faj\u00e3 das \u00c9guas.<\/p>\n<p><strong>Para receber os abastecimentos l\u00edquidos previstos, os participantes t\u00eam de ser portadores de copo pr\u00f3prio.<\/strong><\/p>\n<p><strong>META<\/strong><\/p>\n<p>Na parte final da prova o percurso segue entre a malha urbana da Freguesia da Serra de \u00c1gua. Os participantes devem ter em conta a circula\u00e7\u00e3o de moradores e progredir de forma cuidada.<\/p>\n<p>Ap\u00f3s a linha de chegada a organiza\u00e7\u00e3o disponibilizar\u00e1 um lanche a cada participante (garrafa de \u00e1gua 0,5 l , pe\u00e7a de fruta, barra de cereais).<\/p>\n<p>H\u00e1 possibilidade de acesso a balne\u00e1rios\/duches no pavilh\u00e3o desportivo da Serra de \u00c1gua\u00a0 entre as 11h e as 13h30.<\/p>\n<p><strong>RESULTADOS<\/strong><\/p>\n<p>Os resultados ser\u00e3o apurados ap\u00f3s a chegada de todos os atletas e ser\u00e3o disponibilizados on-line no site do evento:\u00a0<a href=\"https:\/\/trail.camadeira.com\/\" target=\"_blank\" rel=\"noreferrer noopener\">https:\/\/trail.<wbr \/>camadeira.com\/<\/a><\/p>\n<p><strong>PR\u00c9MIOS<\/strong><\/p>\n<p>A entrega de pr\u00e9mios est\u00e1 prevista para \u00e0s 13h00 na Praceta da Serra de \u00c1gua.<\/p>\n\n\n<p><\/p>\n","protected":false},"excerpt":{"rendered":"<p>A presente informa\u00e7\u00e3o tem por objetivo resumir as indica\u00e7\u00f5es importantes a ter em conta para a participa\u00e7\u00e3o na prova que est\u00e1 inscrito. \u00a0 LISTA DE INSCRITOS PEITORAL &#8211; LEVANTAMENTO \u2013 Levantamento do peitoral \u2013 Dia 6 maio 2022 &#8211; Sede da\u00a0 AARAM 12h30\/18h | Dia 7 maio 2022 &#8211; Praceta Serra de \u00c1gua 14h30\/18h \u2013 &hellip; <\/p>\n<p><a class=\"more-link btn\" href=\"http:\/\/trail.camadeira.com\/?p=2872\">Continue a ler<\/a><\/p>\n","protected":false},"author":1,"featured_media":0,"comment_status":"closed","ping_status":"closed","sticky":false,"template":"","format":"standard","meta":[],"categories":[1],"tags":[],"_links":{"self":[{"href":"http:\/\/trail.camadeira.com\/index.php?rest_route=\/wp\/v2\/posts\/2872"}],"collection":[{"href":"http:\/\/trail.camadeira.com\/index.php?rest_route=\/wp\/v2\/posts"}],"about":[{"href":"http:\/\/trail.camadeira.com\/index.php?rest_route=\/wp\/v2\/types\/post"}],"author":[{"embeddable":true,"href":"http:\/\/trail.camadeira.com\/index.php?rest_route=\/wp\/v2\/users\/1"}],"replies":[{"embeddable":true,"href":"http:\/\/trail.camadeira.com\/index.php?rest_route=%2Fwp%2Fv2%2Fcomments&post=2872"}],"version-history":[{"count":6,"href":"http:\/\/trail.camadeira.com\/index.php?rest_route=\/wp\/v2\/posts\/2872\/revisions"}],"predecessor-version":[{"id":2880,"href":"http:\/\/trail.camadeira.com\/index.php?rest_route=\/wp\/v2\/posts\/2872\/revisions\/2880"}],"wp:attachment":[{"href":"http:\/\/trail.camadeira.com\/index.php?rest_route=%2Fwp%2Fv2%2Fmedia&parent=2872"}],"wp:term":[{"taxonomy":"category","embeddable":true,"href":"http:\/\/trail.camadeira.com\/index.php?rest_route=%2Fwp%2Fv2%2Fcategories&post=2872"},{"taxonomy":"post_tag","embeddable":true,"href":"http:\/\/trail.camadeira.com\/index.php?rest_route=%2Fwp%2Fv2%2Ftags&post=2872"}],"curies":[{"name":"wp","href":"https:\/\/api.w.org\/{rel}","templated":true}]}}