{"id":283,"date":"2010-09-10T17:16:16","date_gmt":"2010-09-10T16:16:16","guid":{"rendered":"http:\/\/trail.camadeira.com\/?p=283"},"modified":"2010-09-10T17:20:29","modified_gmt":"2010-09-10T16:20:29","slug":"tor-des-geants-endurance-trail","status":"publish","type":"post","link":"http:\/\/trail.camadeira.com\/?p=283","title":{"rendered":"Tor des G\u00e9ants &#8211; endurance trail"},"content":{"rendered":"<p>No pr\u00f3ximo domingo pelas 10 horas, Gon\u00e7alo Silva e Pedro Alves ir\u00e3o estar novamente juntos na partida daquela que ser\u00e1 sem d\u00favida o desafio mais duro que se propuseram a fazer at\u00e9 ao momento. Os atletas do Clube Aventura da Madeira, ir\u00e3o participar na primeira edi\u00e7\u00e3o do Tor des G\u00e9ants, um endurance trail que ir\u00e1 dar a volta completa ao Vale de Aosta em It\u00e1lia ao p\u00e9 dos picos mais altos da Europa.<\/p>\n<p style=\"text-align: center;\"><a href=\"http:\/\/trail.camadeira.com\/wp-content\/uploads\/2010\/09\/IMGP28645.jpg\"><img loading=\"lazy\" class=\"aligncenter size-full wp-image-285\" title=\"IMGP28645\" src=\"http:\/\/trail.camadeira.com\/wp-content\/uploads\/2010\/09\/IMGP28645.jpg\" alt=\"\" width=\"450\" height=\"338\" srcset=\"http:\/\/trail.camadeira.com\/wp-content\/uploads\/2010\/09\/IMGP28645.jpg 750w, http:\/\/trail.camadeira.com\/wp-content\/uploads\/2010\/09\/IMGP28645-300x225.jpg 300w\" sizes=\"(max-width: 450px) 100vw, 450px\" \/><\/a><\/p>\n<p><a href=\"http:\/\/trail.camadeira.com\/wp-content\/uploads\/2010\/09\/IMGP28645.jpg\"><br \/>\n<\/a><\/p>\n<p>Com partida e meta na vila de Courmayeur, apenas 355 atletas estar\u00e3o \u00e0 partida deste duro desafio, que <strong>ter\u00e3o que completar um circuito de 330km&#8217;s com 24 000 metros de desn\u00edvel acumulado numa varia\u00e7\u00e3o de altitude entre os 300 e os 3300 metros de altitude<\/strong>. Apesar de estar montada numa log\u00edstica de 7 sectores,\u00a0 a prova tem como <strong>tempo limite m\u00e1ximo 150 horas<\/strong>, ou seja <strong>6 dias consecutivos de esfor\u00e7o<\/strong> obrigando aos atletas um gest\u00e3o cuidada de ritmo e esfor\u00e7o, com as poucas horas de dormida. Com in\u00edcio neste domingo \u00e1s 10 horas, os atletas ter\u00e3o ent\u00e3o at\u00e9 as 16 horas do s\u00e1bado seguinte para terminar a prova.<\/p>\n<div id=\"attachment_288\" style=\"width: 300px\" class=\"wp-caption aligncenter\"><a href=\"http:\/\/trail.camadeira.com\/wp-content\/uploads\/2010\/09\/038-arrivo-al-col-finestra.jpg\"><img aria-describedby=\"caption-attachment-288\" loading=\"lazy\" class=\"size-medium wp-image-288\" title=\"038 arrivo al col finestra\" src=\"http:\/\/trail.camadeira.com\/wp-content\/uploads\/2010\/09\/038-arrivo-al-col-finestra-300x199.jpg\" alt=\"\" width=\"300\" height=\"199\" srcset=\"http:\/\/trail.camadeira.com\/wp-content\/uploads\/2010\/09\/038-arrivo-al-col-finestra-300x199.jpg 300w, http:\/\/trail.camadeira.com\/wp-content\/uploads\/2010\/09\/038-arrivo-al-col-finestra.jpg 800w\" sizes=\"(max-width: 300px) 100vw, 300px\" \/><\/a><p id=\"caption-attachment-288\" class=\"wp-caption-text\">Col Finestra<\/p><\/div>\n<p>O percurso ter\u00e1 partes muito t\u00e9cnicas, com passagens perigosas num verdadeiro meio alpino em trilhos rochosos expostos e com inclina\u00e7\u00f5es muito acentuadas, que ir\u00e3o condicionar e muito o ritmo, sendo que a marcha lenta ser\u00e1 o \u00fanico ritmo poss\u00edvel em algumas partes. A tecnicidade do terreno n\u00e3o ir\u00e1 ser a \u00fanica dificuldade dos atletas, pois as condi\u00e7\u00f5es meteorol\u00f3gicas n\u00e3o ser\u00e3o as mais favor\u00e1veis, esperando-se chuva nas altitudes mais baixas e mesmo neve nas mais altas, que \u00e9 habitual nesta altura do ano naquela zona dos Alpes. A organiza\u00e7\u00e3o obriga o uso de equipamento adequado ao poss\u00edvel mau tempo de montanha, e recomenda fortemente que os atletas levem consigo o road-book disponibilizado pela organiza\u00e7\u00e3o na inscri\u00e7\u00e3o, bem como um GPS com o percurso da prova, pois a sinaliza\u00e7\u00e3o ser\u00e1 m\u00ednima e com a neve poder\u00e1 n\u00e3o estar vis\u00edvel.<\/p>\n<div id=\"attachment_287\" style=\"width: 300px\" class=\"wp-caption aligncenter\"><a href=\"http:\/\/trail.camadeira.com\/wp-content\/uploads\/2010\/09\/027-col-loson-da-cogne.jpg\"><img aria-describedby=\"caption-attachment-287\" loading=\"lazy\" class=\"size-medium wp-image-287\" title=\"027 col loson da cogne\" src=\"http:\/\/trail.camadeira.com\/wp-content\/uploads\/2010\/09\/027-col-loson-da-cogne-300x199.jpg\" alt=\"\" width=\"300\" height=\"199\" srcset=\"http:\/\/trail.camadeira.com\/wp-content\/uploads\/2010\/09\/027-col-loson-da-cogne-300x199.jpg 300w, http:\/\/trail.camadeira.com\/wp-content\/uploads\/2010\/09\/027-col-loson-da-cogne.jpg 800w\" sizes=\"(max-width: 300px) 100vw, 300px\" \/><\/a><p id=\"caption-attachment-287\" class=\"wp-caption-text\">Passagem do Col Loson (3296m) ao km 42<\/p><\/div>\n<p><strong>GON\u00c7ALO SILVA (dorsal 278) :<\/strong> &#8220;A motiva\u00e7\u00e3o \u00e9 enorme, apesar de algumas preocupa\u00e7\u00f5es, relativamente \u00e1s condi\u00e7\u00f5es meteorol\u00f3gicas bem com \u00e0 gest\u00e3o da prova, pois com a experi\u00eancia no trail de Marrocos, o acordar para o segundo dia e partir para a segunda etapa foi muito doloroso.. o que nos faz tentar imaginar ao fim do quinto dia como ir\u00e1 ser!! Inicialmente pensamos em 80 km&#8217;s di\u00e1rios com repouso entre a meia-noite e as 5 da manh\u00e3, possibilitando chegar no s\u00e1bado de manh\u00e3&#8230; mas tamb\u00e9m j\u00e1 pensamos fazer 140 km&#8217;s non stop, dormir bem e partir para mais 50 km&#8217;s a um ritmo lento, dormir novamente muito bem e ent\u00e3o tentar os \u00faltimos 140 km&#8217;s sem parar!! Enfim, vamos ver como corre os km&#8217;s iniciais, os sinais do corpo e estar atento sempre \u00e1s previs\u00f5es meteorol\u00f3gicas&#8230; e tentar chegar novamente a Courmayeur, independentemente do tempo e classifica\u00e7\u00e3o, que \u00e9 esse o nosso objectivo. Vai correr tudo bem&#8230; &#8221;<\/p>\n<p><strong>PEDRO ALVES (dorsal 277) :<\/strong> &#8221; A nossa experi\u00eancia vai apenas a metade da dist\u00e2ncia pelo ultra trail do Monte Branco, por isso, os 330 km assustam um pouco (para n\u00e3o dizer muito) visto exigir uma gest\u00e3o de esfor\u00e7o bem diferente, bem mais cuidada! Para al\u00e9m dos habituais problemas musculares e articulares que surgem, teremos que ter em aten\u00e7\u00e3o aos poss\u00edveis problemas gastricos que possam surgir e limitar e muito o nosso rendimento, visto que ser\u00e3o muitos dias com uma alimenta\u00e7\u00e3o muito agressiva ao est\u00f4mago. O objectivo \u00e9 apenas terminar, tanto eu como o Gon\u00e7alo fizemos uma prepara\u00e7\u00e3o cuidada que juntamente com a nossa relativa experi\u00eancia, pensamos estar \u00e0 altura do desafio e confiantes em conseguir mais uma vez o desejado t\u00edtulo de Finisher&#8230; &#8221;<\/p>\n<p><strong>A prova pode ser seguida online atrav\u00e9s do site da prova, contudo o Clube Aventura da Madeira tentar\u00e1 todos os dias recolher algumas impress\u00f5es dos nossos atletas e publicar aqui no blog.<\/strong><\/p>\n<p><a href=\"http:\/\/www.youtube.com\/watch?v=qZli0Dz4XXU\" target=\"_blank\"><strong>V\u00cdDEO DA PROVA<\/strong><\/a><\/p>\n<p><a href=\"http:\/\/www.tordesgeants.it\/tordesgeants\/index.php\/fra\/\" target=\"_blank\"><strong>SITE DA PROVA<\/strong><\/a><\/p>\n<p><a href=\"http:\/\/lnx.courmayeurtrailers.it\/cronometraggio_2010_tdg\/\" target=\"_blank\"><strong>ACOMPANHAMENTO ONLINE DOS ATLETAS<\/strong><\/a><\/p>\n","protected":false},"excerpt":{"rendered":"<p>No pr\u00f3ximo domingo pelas 10 horas, Gon\u00e7alo Silva e Pedro Alves ir\u00e3o estar novamente juntos na partida daquela que ser\u00e1 sem d\u00favida o desafio mais duro que se propuseram a fazer at\u00e9 ao momento. Os atletas do Clube Aventura da Madeira, ir\u00e3o participar na primeira edi\u00e7\u00e3o do Tor des G\u00e9ants, um endurance trail que ir\u00e1 &hellip; <\/p>\n<p><a class=\"more-link btn\" href=\"http:\/\/trail.camadeira.com\/?p=283\">Continue a ler<\/a><\/p>\n","protected":false},"author":1,"featured_media":0,"comment_status":"open","ping_status":"open","sticky":false,"template":"","format":"standard","meta":[],"categories":[1],"tags":[18,17,12,13,15,16],"_links":{"self":[{"href":"http:\/\/trail.camadeira.com\/index.php?rest_route=\/wp\/v2\/posts\/283"}],"collection":[{"href":"http:\/\/trail.camadeira.com\/index.php?rest_route=\/wp\/v2\/posts"}],"about":[{"href":"http:\/\/trail.camadeira.com\/index.php?rest_route=\/wp\/v2\/types\/post"}],"author":[{"embeddable":true,"href":"http:\/\/trail.camadeira.com\/index.php?rest_route=\/wp\/v2\/users\/1"}],"replies":[{"embeddable":true,"href":"http:\/\/trail.camadeira.com\/index.php?rest_route=%2Fwp%2Fv2%2Fcomments&post=283"}],"version-history":[{"count":4,"href":"http:\/\/trail.camadeira.com\/index.php?rest_route=\/wp\/v2\/posts\/283\/revisions"}],"predecessor-version":[{"id":291,"href":"http:\/\/trail.camadeira.com\/index.php?rest_route=\/wp\/v2\/posts\/283\/revisions\/291"}],"wp:attachment":[{"href":"http:\/\/trail.camadeira.com\/index.php?rest_route=%2Fwp%2Fv2%2Fmedia&parent=283"}],"wp:term":[{"taxonomy":"category","embeddable":true,"href":"http:\/\/trail.camadeira.com\/index.php?rest_route=%2Fwp%2Fv2%2Fcategories&post=283"},{"taxonomy":"post_tag","embeddable":true,"href":"http:\/\/trail.camadeira.com\/index.php?rest_route=%2Fwp%2Fv2%2Ftags&post=283"}],"curies":[{"name":"wp","href":"https:\/\/api.w.org\/{rel}","templated":true}]}}