{"id":2826,"date":"2022-04-29T01:38:27","date_gmt":"2022-04-29T00:38:27","guid":{"rendered":"http:\/\/trail.camadeira.com\/?p=2826"},"modified":"2022-05-04T16:40:04","modified_gmt":"2022-05-04T15:40:04","slug":"lista-de-inscritos-trail-da-ribeira-brava-2022","status":"publish","type":"post","link":"http:\/\/trail.camadeira.com\/?p=2826","title":{"rendered":"Lista de Inscritos &#8211; Trail da Ribeira Brava 2022"},"content":{"rendered":"<p>Se est\u00e1 inscrito em uma das provas do Trail da Ribeira Brava 2022, verifique os dados da sua inscri\u00e7\u00e3o. Em caso de erro comunique para o email da organiza\u00e7\u00e3o: camadeira.trail@gmail.com<\/p>\n<ul>\n<li><a href=\"http:\/\/trail.camadeira.com\/wp-content\/uploads\/2022\/05\/LISTA-INSCRITOS-TRAIL-RIBEIRA-BRAVA-21KM.pdf\">LISTA INSCRITOS TRAIL RIBEIRA BRAVA <strong>21KM<\/strong><\/a><\/li>\n<li><a href=\"http:\/\/trail.camadeira.com\/wp-content\/uploads\/2022\/05\/LISTA-INSCRITOS-MINI-TRAIL-RIBEIRA-BRAVA-125KM.pdf\">LISTA INSCRITOS MINI TRAIL RIBEIRA BRAVA <strong>12,5KM<\/strong><\/a><\/li>\n<\/ul>\n","protected":false},"excerpt":{"rendered":"<p>Se est\u00e1 inscrito em uma das provas do Trail da Ribeira Brava 2022, verifique os dados da sua inscri\u00e7\u00e3o. Em caso de erro comunique para o email da organiza\u00e7\u00e3o: camadeira.trail@gmail.com LISTA INSCRITOS TRAIL RIBEIRA BRAVA 21KM LISTA INSCRITOS MINI TRAIL RIBEIRA BRAVA 12,5KM<\/p>\n","protected":false},"author":1,"featured_media":0,"comment_status":"closed","ping_status":"closed","sticky":false,"template":"","format":"standard","meta":[],"categories":[1],"tags":[],"_links":{"self":[{"href":"http:\/\/trail.camadeira.com\/index.php?rest_route=\/wp\/v2\/posts\/2826"}],"collection":[{"href":"http:\/\/trail.camadeira.com\/index.php?rest_route=\/wp\/v2\/posts"}],"about":[{"href":"http:\/\/trail.camadeira.com\/index.php?rest_route=\/wp\/v2\/types\/post"}],"author":[{"embeddable":true,"href":"http:\/\/trail.camadeira.com\/index.php?rest_route=\/wp\/v2\/users\/1"}],"replies":[{"embeddable":true,"href":"http:\/\/trail.camadeira.com\/index.php?rest_route=%2Fwp%2Fv2%2Fcomments&post=2826"}],"version-history":[{"count":3,"href":"http:\/\/trail.camadeira.com\/index.php?rest_route=\/wp\/v2\/posts\/2826\/revisions"}],"predecessor-version":[{"id":2870,"href":"http:\/\/trail.camadeira.com\/index.php?rest_route=\/wp\/v2\/posts\/2826\/revisions\/2870"}],"wp:attachment":[{"href":"http:\/\/trail.camadeira.com\/index.php?rest_route=%2Fwp%2Fv2%2Fmedia&parent=2826"}],"wp:term":[{"taxonomy":"category","embeddable":true,"href":"http:\/\/trail.camadeira.com\/index.php?rest_route=%2Fwp%2Fv2%2Fcategories&post=2826"},{"taxonomy":"post_tag","embeddable":true,"href":"http:\/\/trail.camadeira.com\/index.php?rest_route=%2Fwp%2Fv2%2Ftags&post=2826"}],"curies":[{"name":"wp","href":"https:\/\/api.w.org\/{rel}","templated":true}]}}