{"id":28,"date":"2009-08-31T13:29:31","date_gmt":"2009-08-31T12:29:31","guid":{"rendered":"http:\/\/trail.camadeira.com\/?p=28"},"modified":"2010-04-13T00:40:49","modified_gmt":"2010-04-12T23:40:49","slug":"the-north-face-ultra-trail-du-mont-blanc-2009","status":"publish","type":"post","link":"http:\/\/trail.camadeira.com\/?p=28","title":{"rendered":"The North Face Ultra Trail du Mont-Blanc 2009"},"content":{"rendered":"<p style=\"text-align: center;\"><img loading=\"lazy\" class=\"aligncenter size-large wp-image-54\" title=\"1431\" src=\"http:\/\/trail.camadeira.com\/wp-content\/uploads\/2009\/09\/1431-1024x682.jpg\" alt=\"1431\" width=\"393\" height=\"262\" \/><\/p>\n<p style=\"text-align: justify;\"><span style=\"font-size: 10pt; font-family: &amp;amp;quot;\">Gon\u00e7alo Silva e Pedro Alves, atletas do Clube Aventura da Madeira, terminam o Ultra <span>Trail<\/span> <span>du<\/span> <span>Mont<\/span> <span>Blanc<\/span> e atingiram o principal objectivo, chegar a <span>Chamonix<\/span> dentro do hor\u00e1rio limite da prova. Gon\u00e7alo Silva foi <span>finisher<\/span> pela segunda vez e Pedro Alves pela primeira, mas em estreia nesta dist\u00e2ncia. Terminaram com a mesma classifica\u00e7\u00e3o, 931.\u00ba da geral, ambos com tempo de 43h46`06\u201d. Miguel Gon\u00e7alves tentava a seu primeiro UTMB, mas acabou por desistir por problemas f\u00edsicos, ap\u00f3s 30h11\u00b459\u201d em prova, quando atingiu os 122,8km em <span>Champex-Lac<\/span>.<\/span><\/p>\n<p style=\"text-align: justify;\"><span style=\"font-size: 10pt; font-family: &amp;amp;quot;\">Destaque para o resultado alcan\u00e7ado por Nuno Gon\u00e7alves do Clube Montanha do Funchal, que conseguiu um excelente 214.\u00ba lugar na geral, terminando com 33h58\u00b424\u201d. Ainda pelo Clube Montanha do Funchal, no UTMB, infelizmente Sid\u00f3nio Freitas e Eg\u00eddio Rodrigues n\u00e3o conseguiram terminar por sortes distintas, Sid\u00f3nio na primeira noite foi alvo de uma picada de abelha que lhe causou uma reac\u00e7\u00e3o al\u00e9rgica e Eg\u00eddio acabou por desistir devido a complica\u00e7\u00f5es musculares. No percurso CCC (Courmayeur-Champex-Chamonix) participaram pela segunda vez os irm\u00e3os Perdig\u00e3o. S\u00e9rgio Perdig\u00e3o conseguiu acabar pela segunda vez apesar das\u00a0 dificuldades por que passou, acabando na 530\u00ba posi\u00e7\u00e3o da geral com 21h52m56s. Paulo Perdig\u00e3o nesta edi\u00e7\u00e3o n\u00e3o conseguiu terminar como na edi\u00e7\u00e3o anterior, desistido em Champex-Lac com problemas nas articula\u00e7\u00f5es.<\/span><span style=\"font-size: 12pt; line-height: 150%; font-family: 'Arial','sans-serif';\"> <\/span><\/p>\n<p style=\"text-align: justify;\"><span style=\"font-size: 10pt; font-family: &amp;amp;quot;\">Nuno Caetano na prova<\/span><span style=\"font-size: 10pt; font-family: &amp;amp;quot; color: black;\"> \u201c<span>Sur<\/span> <span>les<\/span> Traces <span>des<\/span> <span>Ducs<\/span> de <span>Savoie<\/span>\u201d, com uma <\/span><span style=\"font-size: 10pt; font-family: &amp;amp;quot; color: black;\">dist\u00e2ncia aproximada de 105km e 6700m de desn\u00edvel positivo, obteve um excelente 34.\u00ba lugar, com o tempo de 17h44m14s.<\/span><\/p>\n<div id=\"attachment_80\" style=\"width: 400px\" class=\"wp-caption aligncenter\"><img aria-describedby=\"caption-attachment-80\" loading=\"lazy\" class=\"size-full wp-image-80\" title=\"UTMB93\" src=\"http:\/\/trail.camadeira.com\/wp-content\/uploads\/2009\/08\/UTMB93.jpg\" alt=\"UTMB93\" width=\"400\" height=\"300\" \/><p id=\"caption-attachment-80\" class=\"wp-caption-text\">Comitiva madeirense na edi\u00e7\u00e3o de 2009<\/p><\/div>\n<p style=\"text-align: justify;\"><span style=\"font-size: 10pt; font-family: &amp;amp;quot;\">O vencedor da edi\u00e7\u00e3o 2009 do Ultra <span>Trail<\/span> <span>du<\/span> <span>Mont<\/span> <span>Blanc<\/span> foi o espanhol<span style=\"color: black;\"> <span>Kilian<\/span> <span>Jornet<\/span> com o tempo de 21h.33\u201918\u2019\u2019<\/span>. Este jovem atleta de 21 anos, repetiu a proeza de 2008, batendo categoricamente o segundo classificado o franc\u00eas <span><span style=\"color: black;\">S\u00e9bastien<\/span><\/span><span style=\"color: black;\"> <span>Chaigneau<\/span> que gastou mais 1h.<span>03\u2019 .<\/span>Nos femininos venceu a americana <span>Kristin<\/span> <span>Moehl<\/span> com o tempo de 24h.56\u201901, d\u00e9cimo tempo absoluto na prova. A <span>britanica<\/span> Elisabeth <span>Hawker<\/span> foi segunda com 26h.04\u2019.42.<\/span><\/span><\/p>\n<p style=\"text-align: justify;\">\n<p style=\"text-align: justify;\"><strong><span style=\"font-family: Verdana,Arial,Helvetica,sans-serif; font-size: x-small;\"><a href=\"http:\/\/www.camadeira.com\/montanhismo\/ep09\/mont_UltraTrail09_result.xls\" target=\"_blank\">Resultados dos Atletas Portugueses<\/a><\/span><\/strong><\/p>\n<p style=\"text-align: center;\"><span style=\"font-size: 10pt; font-family: &amp;amp;quot;\"><span style=\"color: black;\"><br \/>\n<\/span><\/span><\/p>\n<p style=\"text-align: center;\">\n<p style=\"text-align: center;\"><strong><span style=\"font-size: 10pt; font-family: Verdana;\">O relato de um \u201cFinisher\u201d pela segunda vez \u2013 Gon\u00e7alo Silva<\/span><\/strong><\/p>\n<p style=\"text-align: center;\"><strong><span style=\"font-size: 10pt; font-family: Verdana;\"><br \/>\n<\/span><\/strong><\/p>\n<p style=\"text-align: center;\"><img loading=\"lazy\" class=\"aligncenter size-large wp-image-53\" title=\"57433\" src=\"http:\/\/trail.camadeira.com\/wp-content\/uploads\/2009\/09\/57433-1024x682.jpg\" alt=\"57433\" width=\"553\" height=\"368\" \/><\/p>\n<p style=\"text-align: justify;\">\n<p style=\"text-align: justify;\"><span style=\"font-size: 10pt; font-family: Verdana;\">&#8220;J\u00e1 l\u00e1 foi mais uma edi\u00e7\u00e3o, e que edi\u00e7\u00e3o&#8230;     &#8220;Finisher&#8221; mais uma vez, numa prova ligeiramente diferente que da     outra vez, com umas partes novas de trilhos que aumentaram significativamente o     seu grau de dificuldade!!!<\/span><\/p>\n<p style=\"text-align: justify;\"><span style=\"font-size: 10pt; font-family: Verdana;\">Foi uma grande participa\u00e7\u00e3o portuguesa este ano,     com muitos bons resultados, um deles, do madeirense Nuno Gon\u00e7alves, na 221\u00aa     posi\u00e7\u00e3o da geral&#8230; um grande resultado!<\/span><\/p>\n<p style=\"text-align: justify;\"><span style=\"font-size: 10pt; font-family: Verdana;\"> <\/span><\/p>\n<p style=\"text-align: center;\"><img loading=\"lazy\" class=\"alignleft size-full wp-image-81\" title=\"UTMB95\" src=\"http:\/\/trail.camadeira.com\/wp-content\/uploads\/2009\/08\/UTMB95.jpg\" alt=\"UTMB95\" width=\"288\" height=\"216\" \/><img loading=\"lazy\" class=\"size-full wp-image-82 aligncenter\" title=\"UTMB96\" src=\"http:\/\/trail.camadeira.com\/wp-content\/uploads\/2009\/08\/UTMB96.jpg\" alt=\"UTMB96\" width=\"285\" height=\"213\" \/><\/p>\n<p style=\"text-align: justify;\">\n<p style=\"text-align: justify;\">\n<p style=\"text-align: justify;\">\n<p style=\"text-align: justify;\">\n<p style=\"text-align: justify;\">\n<p style=\"text-align: justify;\">\n<p style=\"text-align: justify;\">\n<p style=\"text-align: justify;\">\n<p style=\"text-align: justify;\">\n<p style=\"text-align: justify;\">\n<p style=\"text-align: justify;\">\n<p style=\"text-align: justify;\">\n<p style=\"text-align: justify;\">\n<p style=\"text-align: justify;\">\n<p style=\"text-align: justify;\">\n<p style=\"text-align: justify;\">\n<p style=\"text-align: justify;\">\n<p style=\"text-align: justify;\">\n<p style=\"text-align: justify;\">\n<p style=\"text-align: justify;\">\n<p style=\"text-align: justify;\"><span style=\"font-size: 10pt; font-family: Verdana;\">N\u00f3s os tr\u00eas, do Clube Aventura da Madeira, <span>seguimos<\/span> desde o in\u00edcio juntos, com um ritmo moderado, para assim, gerir bem o esfor\u00e7o ao longo da prova. Como j\u00e1 era repetente, estava calmo, a acompanhar a estreia do Pedro e do Miguel&#8230; a primeira noite passamos bem, apesar de j\u00e1 em Contamines ter que imobilizar o joelho esquerdo que j\u00e1 incomodava desde a primeira descida para Saint Grevais, e das baixas temperaturas que se faziam sentir nos Col&#8217;s mais altos, nomeadamente, o Col de Bonhome e o Col de La Seigne, mas l\u00e1 seguimos at\u00e9 Courmayeur juntos com uma boa margem em rela\u00e7\u00e3o \u00e1 barreira hor\u00e1ria. <\/span><\/p>\n<p style=\"text-align: justify;\"><span style=\"font-size: 10pt; font-family: Verdana;\"><br \/>\n<\/span><\/p>\n<p><img loading=\"lazy\" class=\"size-medium wp-image-92 alignleft\" title=\"UTMB97\" src=\"http:\/\/trail.camadeira.com\/wp-content\/uploads\/2009\/08\/UTMB971-225x300.jpg\" alt=\"UTMB97\" width=\"225\" height=\"300\" \/><\/p>\n<p style=\"text-align: justify;\">\n<p style=\"text-align: justify;\">\n<p style=\"text-align: justify;\">\n<p style=\"text-align: justify;\">\n<p style=\"text-align: justify;\">\n<p style=\"text-align: justify;\">\n<p style=\"text-align: justify;\">\n<p style=\"text-align: justify;\">\n<p style=\"text-align: justify;\">\n<p style=\"text-align: justify;\">\n<p style=\"text-align: justify;\"><img loading=\"lazy\" class=\"aligncenter size-medium wp-image-93\" title=\"UTMB92\" src=\"http:\/\/trail.camadeira.com\/wp-content\/uploads\/2009\/08\/UTMB92-225x300.jpg\" alt=\"UTMB92\" width=\"225\" height=\"300\" \/><\/p>\n<p style=\"text-align: justify;\">\n<p style=\"text-align: justify;\">\n<p style=\"text-align: justify;\">\n<p style=\"text-align: justify;\">\n<p style=\"text-align: justify;\">\n<p style=\"text-align: justify;\">\n<p style=\"text-align: justify;\">\n<p style=\"text-align: justify;\">\n<p style=\"text-align: justify;\">\n<p style=\"text-align: justify;\"><span style=\"font-size: 10pt; font-family: Verdana;\">Em Courmayeur, foi uma paragem maior intencional,     para muda de roupa, bom abastecimento e tratamento m\u00e9dico&#8230; aqui, sa\u00edmos todos     com as articula\u00e7\u00f5es imobilizadas, mas o Pedro com um aviso por parte da equipa     m\u00e9dica que devia parar devido ao problema muscular que tinha&#8230; mas a sua     decis\u00e3o foi a de continuar, e ver onde conseguia ir&#8230;continuamos juntos at\u00e9 ao     controle de Fouly na Sui\u00e7a, mas na subida para Champex, o Miguel demonstrava um     grande cansa\u00e7o e sono tamb\u00e9m, \u00e9 a segunda noite a fazer efeito, o que acabou     por o deixar ficar mais para tr\u00e1s e acabar por desistir&#8230; o Pedro foi sempre     comigo, sempre com receio em rela\u00e7\u00e3o ao seu m\u00fasculo e eu mais pelo meu joelho,     mas o nosso maior problema foi tamb\u00e9m o sono e o cansa\u00e7o acumulado! <\/span><\/p>\n<p style=\"text-align: justify;\"><img loading=\"lazy\" class=\"aligncenter size-full wp-image-90\" title=\"UTMB94\" src=\"http:\/\/trail.camadeira.com\/wp-content\/uploads\/2009\/08\/UTMB94.jpg\" alt=\"UTMB94\" width=\"400\" height=\"300\" \/><\/p>\n<p style=\"text-align: justify;\">\n<p style=\"text-align: justify;\"><span style=\"font-size: 10pt; font-family: Verdana;\">Sa\u00edmos de Champex-lac relativamente bem     fisicamente, mas com algum frio devido \u00e1 paragem, mas a subida para o dif\u00edcil     Bovine foi complicada de gerir&#8230;. <span>o<\/span> cansa\u00e7o\/sono     bateu forte e subimos aos trope\u00e7\u00f5es e alguns desequil\u00edbrios ao logo da subida     j\u00e1 por si muito dif\u00edcil de progredir por entre muitas rochas e ra\u00edzes de     \u00e1rvores. O problema foi solucionado em parte no controlo no topo do Bovine onde     tomamos um forte caf\u00e9, pois a primeira ideia de dormir um pouco l\u00e1 foi logo     esquecida por causa do frio que se fazia sentir l\u00e1&#8230; mas na descida para     Trient, ao passar no Col de          la     Forclaz, acabamos por nos deitar no ch\u00e3o uns minutos para     fechar os olhos e tentar dar um descanso ao corpo. Devido ao frio, foi mesmo     breve essa &#8220;dormida&#8221;, em menos de 5 minutos j\u00e1 est\u00e1vamos de p\u00e9 a     descer at\u00e9 <span>Treint..<\/span> <span>mas<\/span> por     incr\u00edvel que pare\u00e7a completamente &#8220;novos&#8221;&#8230; <\/span><\/p>\n<p style=\"text-align: justify;\"><img loading=\"lazy\" class=\"aligncenter size-full wp-image-83\" title=\"UTMB91\" src=\"http:\/\/trail.camadeira.com\/wp-content\/uploads\/2009\/08\/UTMB91.jpg\" alt=\"UTMB91\" width=\"400\" height=\"300\" \/><\/p>\n<p style=\"text-align: justify;\"><span style=\"font-size: 10pt; font-family: Verdana;\">A partir de Trient, as barreiras hor\u00e1rias estavam     a uma dist\u00e2ncia segura para terminarmos esta prova e l\u00e1 seguimos em direc\u00e7\u00e3o \u00e1     Chamonix&#8230; na descida para Vallorcine aceleramos o ritmo, e eu acabei por     chegar mais adiantado aos controlos seguinte que o Pedro, que nessa altura n\u00e3o     vinha muito bem, mas depois do \u00faltimo controle na Fleg\u00e9re, o Pedro chegou     novamente ao meu p\u00e9 e fomos ent\u00e3o sempre juntos at\u00e9 a meta em chamonix \u2026 foi     uma chegada emotiva com sempre, com um circuito pelas ruas principais, cheias     de gente a nos aplaudir\u2026uma chegada mais emotiva para o Pedro, por ser a sua     primeira vez que viveu um ambiente daqueles e especialmente depois do que     passou para l\u00e1 chegar, onde houve alturas de muitas dores e incertezas de saber     se ia conseguir.<\/span><\/p>\n<p style=\"text-align: justify;\"><span style=\"font-size: 10pt; font-family: Verdana;\">O Nuno Caetano fez uma prova espectacular no TDS,     apesar da crise de diarreia, v\u00f3mitos e um princ\u00edpio de hipotermia, fez 34\u00ba da     geral numa prova muito dif\u00edcil, com passagens de montanha muito duras, mesmo     alpinas!&#8221;<\/span><\/p>\n<p style=\"text-align: right;\"><span style=\"font-size: 10pt; font-family: Verdana;\">Gon\u00e7alo Silva<\/span><strong><span style=\"font-size: 10pt; font-family: Verdana;\"><br \/>\n<\/span><\/strong><\/p>\n","protected":false},"excerpt":{"rendered":"<p>Gon\u00e7alo Silva e Pedro Alves, atletas do Clube Aventura da Madeira, terminam o Ultra Trail du Mont Blanc e atingiram o principal objectivo, chegar a Chamonix dentro do hor\u00e1rio limite da prova. Gon\u00e7alo Silva foi finisher pela segunda vez e Pedro Alves pela primeira, mas em estreia nesta dist\u00e2ncia. Terminaram com a mesma classifica\u00e7\u00e3o, 931.\u00ba &hellip; <\/p>\n<p><a class=\"more-link btn\" href=\"http:\/\/trail.camadeira.com\/?p=28\">Continue a ler<\/a><\/p>\n","protected":false},"author":1,"featured_media":0,"comment_status":"open","ping_status":"open","sticky":false,"template":"","format":"standard","meta":[],"categories":[1],"tags":[],"_links":{"self":[{"href":"http:\/\/trail.camadeira.com\/index.php?rest_route=\/wp\/v2\/posts\/28"}],"collection":[{"href":"http:\/\/trail.camadeira.com\/index.php?rest_route=\/wp\/v2\/posts"}],"about":[{"href":"http:\/\/trail.camadeira.com\/index.php?rest_route=\/wp\/v2\/types\/post"}],"author":[{"embeddable":true,"href":"http:\/\/trail.camadeira.com\/index.php?rest_route=\/wp\/v2\/users\/1"}],"replies":[{"embeddable":true,"href":"http:\/\/trail.camadeira.com\/index.php?rest_route=%2Fwp%2Fv2%2Fcomments&post=28"}],"version-history":[{"count":19,"href":"http:\/\/trail.camadeira.com\/index.php?rest_route=\/wp\/v2\/posts\/28\/revisions"}],"predecessor-version":[{"id":210,"href":"http:\/\/trail.camadeira.com\/index.php?rest_route=\/wp\/v2\/posts\/28\/revisions\/210"}],"wp:attachment":[{"href":"http:\/\/trail.camadeira.com\/index.php?rest_route=%2Fwp%2Fv2%2Fmedia&parent=28"}],"wp:term":[{"taxonomy":"category","embeddable":true,"href":"http:\/\/trail.camadeira.com\/index.php?rest_route=%2Fwp%2Fv2%2Fcategories&post=28"},{"taxonomy":"post_tag","embeddable":true,"href":"http:\/\/trail.camadeira.com\/index.php?rest_route=%2Fwp%2Fv2%2Ftags&post=28"}],"curies":[{"name":"wp","href":"https:\/\/api.w.org\/{rel}","templated":true}]}}