{"id":2736,"date":"2022-03-08T21:33:24","date_gmt":"2022-03-08T20:33:24","guid":{"rendered":"https:\/\/trail.camadeira.com\/?p=2736"},"modified":"2022-05-03T20:53:56","modified_gmt":"2022-05-03T19:53:56","slug":"2-a-edicao-do-trail-da-ribeira-brava-agendado-para-8-de-maio-2022","status":"publish","type":"post","link":"http:\/\/trail.camadeira.com\/?p=2736","title":{"rendered":"2.\u00aa Edi\u00e7\u00e3o do Trail da Ribeira Brava agendado para 8 de maio 2022"},"content":{"rendered":"\n<p>O Clube Aventura da Madeira informa que a 2.\u00aa Edi\u00e7\u00e3o do Trail da Ribeira Brava est\u00e1 agendada para dia 8 de maio de 2022, com dois percursos, o Trail Longo com 21km e o Trail Curto com 12,5km, que decorrem integralmente na freguesia da Serra de \u00c1gua.<\/p>\n\n\n\n<p>As provas est\u00e3o abertas a todos os interessados, com idade igual ou superior a 16 anos na prova MTRB 12,5km e 18 ou mais anos, na prova principal de 21km.<\/p>\n\n\n\n<p>O evento conta com o apoio da C\u00e2mara Municipal da Ribeira Brava , Junta de Freguesia da Serra de \u00c1gua, Dire\u00e7\u00e3o Regional de Desporto, Associa\u00e7\u00e3o de Atletismo da RAM, Associa\u00e7\u00e3o da Madeira de Desporto Para Todos, Instituto de Florestas e Conserva\u00e7\u00e3o da Natureza, Hotel da Encumeada.<\/p>\n\n\n\n<p><strong>As inscri\u00e7\u00f5es est\u00e3o dispon\u00edveis at\u00e9 segunda-feira, dia 25 de abril de 2022.<\/strong><\/p>\n\n\n\n<p><a href=\"http:\/\/trail.camadeira.com\/?page_id=2498\" target=\"_blank\" rel=\"noreferrer noopener\"><strong>Programa<\/strong><\/a><\/p>\n\n\n\n<p><a rel=\"noreferrer noopener\" href=\"http:\/\/trail.camadeira.com\/?page_id=2739\" target=\"_blank\"><strong>Regulamento<\/strong><\/a><\/p>\n\n\n\n<p><strong><a href=\"http:\/\/trail.camadeira.com\/?page_id=2814\" target=\"_blank\" rel=\"noreferrer noopener\">Lista de Inscri\u00e7\u00f5es<\/a><\/strong><\/p>\n\n\n\n<p><a rel=\"noreferrer noopener\" href=\"http:\/\/trail.camadeira.com\/?page_id=2465\" target=\"_blank\"><strong>Percursos<\/strong><\/a><\/p>\n\n\n\n<figure class=\"wp-block-image size-large\"><a href=\"https:\/\/trail.camadeira.com\/wp-content\/uploads\/2022\/04\/Trail_Rib_Brava_cartazA4_2022.jpg\"><img loading=\"lazy\" width=\"724\" height=\"1024\" src=\"https:\/\/trail.camadeira.com\/wp-content\/uploads\/2022\/04\/Trail_Rib_Brava_cartazA4_2022-724x1024.jpg\" alt=\"\" class=\"wp-image-2798\" srcset=\"http:\/\/trail.camadeira.com\/wp-content\/uploads\/2022\/04\/Trail_Rib_Brava_cartazA4_2022-724x1024.jpg 724w, http:\/\/trail.camadeira.com\/wp-content\/uploads\/2022\/04\/Trail_Rib_Brava_cartazA4_2022-212x300.jpg 212w, http:\/\/trail.camadeira.com\/wp-content\/uploads\/2022\/04\/Trail_Rib_Brava_cartazA4_2022-768x1086.jpg 768w, http:\/\/trail.camadeira.com\/wp-content\/uploads\/2022\/04\/Trail_Rib_Brava_cartazA4_2022-1087x1536.jpg 1087w, http:\/\/trail.camadeira.com\/wp-content\/uploads\/2022\/04\/Trail_Rib_Brava_cartazA4_2022-750x1060.jpg 750w, http:\/\/trail.camadeira.com\/wp-content\/uploads\/2022\/04\/Trail_Rib_Brava_cartazA4_2022.jpg 1240w\" sizes=\"(max-width: 724px) 100vw, 724px\" \/><\/a><\/figure>\n","protected":false},"excerpt":{"rendered":"<p>O Clube Aventura da Madeira informa que a 2.\u00aa Edi\u00e7\u00e3o do Trail da Ribeira Brava est\u00e1 agendada para dia 8 de maio de 2022, com dois percursos, o Trail Longo com 21km e o Trail Curto com 12,5km, que decorrem integralmente na freguesia da Serra de \u00c1gua. As provas est\u00e3o abertas a todos os interessados, &hellip; <\/p>\n<p><a class=\"more-link btn\" href=\"http:\/\/trail.camadeira.com\/?p=2736\">Continue a ler<\/a><\/p>\n","protected":false},"author":1,"featured_media":0,"comment_status":"closed","ping_status":"closed","sticky":false,"template":"","format":"standard","meta":[],"categories":[1],"tags":[],"_links":{"self":[{"href":"http:\/\/trail.camadeira.com\/index.php?rest_route=\/wp\/v2\/posts\/2736"}],"collection":[{"href":"http:\/\/trail.camadeira.com\/index.php?rest_route=\/wp\/v2\/posts"}],"about":[{"href":"http:\/\/trail.camadeira.com\/index.php?rest_route=\/wp\/v2\/types\/post"}],"author":[{"embeddable":true,"href":"http:\/\/trail.camadeira.com\/index.php?rest_route=\/wp\/v2\/users\/1"}],"replies":[{"embeddable":true,"href":"http:\/\/trail.camadeira.com\/index.php?rest_route=%2Fwp%2Fv2%2Fcomments&post=2736"}],"version-history":[{"count":17,"href":"http:\/\/trail.camadeira.com\/index.php?rest_route=\/wp\/v2\/posts\/2736\/revisions"}],"predecessor-version":[{"id":2865,"href":"http:\/\/trail.camadeira.com\/index.php?rest_route=\/wp\/v2\/posts\/2736\/revisions\/2865"}],"wp:attachment":[{"href":"http:\/\/trail.camadeira.com\/index.php?rest_route=%2Fwp%2Fv2%2Fmedia&parent=2736"}],"wp:term":[{"taxonomy":"category","embeddable":true,"href":"http:\/\/trail.camadeira.com\/index.php?rest_route=%2Fwp%2Fv2%2Fcategories&post=2736"},{"taxonomy":"post_tag","embeddable":true,"href":"http:\/\/trail.camadeira.com\/index.php?rest_route=%2Fwp%2Fv2%2Ftags&post=2736"}],"curies":[{"name":"wp","href":"https:\/\/api.w.org\/{rel}","templated":true}]}}