{"id":2728,"date":"2021-09-01T12:47:00","date_gmt":"2021-09-01T11:47:00","guid":{"rendered":"https:\/\/trail.camadeira.com\/?p=2728"},"modified":"2021-09-06T17:56:17","modified_gmt":"2021-09-06T16:56:17","slug":"filipe-ferreira-joao-mendonca-nadia-meroni-e-marco-ramos-no-utmb-2021","status":"publish","type":"post","link":"http:\/\/trail.camadeira.com\/?p=2728","title":{"rendered":"Filipe Ferreira, Jo\u00e3o Mendon\u00e7a, Nadia Meroni e Marco Ramos no UTMB\u00ae 2021"},"content":{"rendered":"\n<p>Atletas que representaram o Clube Aventura da Madeira marcando o nome da nossa ilha nos resultados do maior evento de trail Running do mundo, o Ultra Trail do Monte Branco (UTMB\u00ae), que decorreu de 23 a 29 de agosto de 2021.<\/p>\n\n\n\n<p>A edi\u00e7\u00e3o 2021 contou com 4 atletas em representa\u00e7\u00e3o do Clube Aventura da Madeira que fruto da sua dedica\u00e7\u00e3o e investimento, desafiaram-se em duas das provas do UTMB\u00ae, Filipe Ferreira, Nadia Meroni e Jo\u00e3o Mendon\u00e7a na CCC\u00ae 100km entre It\u00e1lia, Sui\u00e7a e fim em Chamonix, Fran\u00e7a, e Marco Ramos na TDS\u00ae, uma das provas mais exigentes do UTMB\u00ae, com 145km.<\/p>\n\n\n<p><a href=\"http:\/\/trail.camadeira.com\/wp-content\/uploads\/2021\/09\/UTMB-2021.jpg\"><img loading=\"lazy\" class=\"aligncenter size-full wp-image-2729\" src=\"http:\/\/trail.camadeira.com\/wp-content\/uploads\/2021\/09\/UTMB-2021.jpg\" alt=\"\" width=\"1080\" height=\"1080\" srcset=\"http:\/\/trail.camadeira.com\/wp-content\/uploads\/2021\/09\/UTMB-2021.jpg 1080w, http:\/\/trail.camadeira.com\/wp-content\/uploads\/2021\/09\/UTMB-2021-300x300.jpg 300w, http:\/\/trail.camadeira.com\/wp-content\/uploads\/2021\/09\/UTMB-2021-1024x1024.jpg 1024w, http:\/\/trail.camadeira.com\/wp-content\/uploads\/2021\/09\/UTMB-2021-150x150.jpg 150w, http:\/\/trail.camadeira.com\/wp-content\/uploads\/2021\/09\/UTMB-2021-768x768.jpg 768w, http:\/\/trail.camadeira.com\/wp-content\/uploads\/2021\/09\/UTMB-2021-750x750.jpg 750w\" sizes=\"(max-width: 1080px) 100vw, 1080px\" \/><\/a><\/p>\n\n\n<p>Filipe Ferreira destacou-se com a sua participa\u00e7\u00e3o na CCC\u00ae (100km \u2013 6100m D+), concluindo com o tempo de 13:22:49, na 53.\u00aa posi\u00e7\u00e3o da geral \u00e0 chegada a Chamonix, entre os 1578 participantes que conclu\u00edram esta dist\u00e2ncia.<\/p>\n\n\n\n<p>Jo\u00e3o Mendon\u00e7a com o objetivo firme de concluir a prova depois de v\u00e1rias participa\u00e7\u00f5es onde n\u00e3o lhe foi poss\u00edvel chegar a Chamonix, desta vez superou todas as dificuldades e concluiu ap\u00f3s 23:33:10 de prova, na 1081.\u00aa posi\u00e7\u00e3o absoluta.<\/p>\n\n\n\n<p>Nadia Meroni na sua regularidade e consist\u00eancia habitual soma mais uma meta numa grande prova Ultra, cortou a meta da CCC\u00ae em Chamonix, com 23:51:11.<\/p>\n\n\n\n<p>Marco Ramos a participou na TDS\u00ae 145km, teve uma corrida atribulada com v\u00e1rias contrariedades, uma delas determinante na hist\u00f3ria deste evento em 2021, com o falecimento de uma atleta devido a um acidente. Marco Ramos ficou retido com a interrup\u00e7\u00e3o da prova e nesta edi\u00e7\u00e3o ficou com o registo de 54.6 km e 3600m D+ percorridos em 10:59:19<\/p>\n\n\n\n<p>Parab\u00e9ns a todos pela Vossa participa\u00e7\u00e3o!<\/p>\n","protected":false},"excerpt":{"rendered":"<p>Atletas que representaram o Clube Aventura da Madeira marcando o nome da nossa ilha nos resultados do maior evento de trail Running do mundo, o Ultra Trail do Monte Branco (UTMB\u00ae), que decorreu de 23 a 29 de agosto de 2021. A edi\u00e7\u00e3o 2021 contou com 4 atletas em representa\u00e7\u00e3o do Clube Aventura da Madeira &hellip; <\/p>\n<p><a class=\"more-link btn\" href=\"http:\/\/trail.camadeira.com\/?p=2728\">Continue a ler<\/a><\/p>\n","protected":false},"author":1,"featured_media":0,"comment_status":"closed","ping_status":"closed","sticky":false,"template":"","format":"standard","meta":[],"categories":[1],"tags":[],"_links":{"self":[{"href":"http:\/\/trail.camadeira.com\/index.php?rest_route=\/wp\/v2\/posts\/2728"}],"collection":[{"href":"http:\/\/trail.camadeira.com\/index.php?rest_route=\/wp\/v2\/posts"}],"about":[{"href":"http:\/\/trail.camadeira.com\/index.php?rest_route=\/wp\/v2\/types\/post"}],"author":[{"embeddable":true,"href":"http:\/\/trail.camadeira.com\/index.php?rest_route=\/wp\/v2\/users\/1"}],"replies":[{"embeddable":true,"href":"http:\/\/trail.camadeira.com\/index.php?rest_route=%2Fwp%2Fv2%2Fcomments&post=2728"}],"version-history":[{"count":3,"href":"http:\/\/trail.camadeira.com\/index.php?rest_route=\/wp\/v2\/posts\/2728\/revisions"}],"predecessor-version":[{"id":2734,"href":"http:\/\/trail.camadeira.com\/index.php?rest_route=\/wp\/v2\/posts\/2728\/revisions\/2734"}],"wp:attachment":[{"href":"http:\/\/trail.camadeira.com\/index.php?rest_route=%2Fwp%2Fv2%2Fmedia&parent=2728"}],"wp:term":[{"taxonomy":"category","embeddable":true,"href":"http:\/\/trail.camadeira.com\/index.php?rest_route=%2Fwp%2Fv2%2Fcategories&post=2728"},{"taxonomy":"post_tag","embeddable":true,"href":"http:\/\/trail.camadeira.com\/index.php?rest_route=%2Fwp%2Fv2%2Ftags&post=2728"}],"curies":[{"name":"wp","href":"https:\/\/api.w.org\/{rel}","templated":true}]}}