{"id":2710,"date":"2021-06-14T17:19:00","date_gmt":"2021-06-14T16:19:00","guid":{"rendered":"https:\/\/trail.camadeira.com\/?p=2710"},"modified":"2021-06-28T00:04:47","modified_gmt":"2021-06-27T23:04:47","slug":"filipe-ferreira-vence-o-escalao-senior-e-consegue-um-excelente-segundo-lugar-a-geral-no-trail-longo-da-calheta-26-km","status":"publish","type":"post","link":"http:\/\/trail.camadeira.com\/?p=2710","title":{"rendered":"Trail da Calheta &#8211; Filipe Ferreira vence o escal\u00e3o s\u00e9nior e consegue um excelente segundo lugar \u00e0 geral no trail Longo 26 km"},"content":{"rendered":"<p><a href=\"http:\/\/trail.camadeira.com\/wp-content\/uploads\/2021\/06\/199722254_4317965181571672_6667023881830661243_n.jpg\"><img loading=\"lazy\" class=\"aligncenter size-full wp-image-2713\" src=\"http:\/\/trail.camadeira.com\/wp-content\/uploads\/2021\/06\/199722254_4317965181571672_6667023881830661243_n.jpg\" alt=\"\" width=\"1869\" height=\"1246\" srcset=\"http:\/\/trail.camadeira.com\/wp-content\/uploads\/2021\/06\/199722254_4317965181571672_6667023881830661243_n.jpg 1869w, http:\/\/trail.camadeira.com\/wp-content\/uploads\/2021\/06\/199722254_4317965181571672_6667023881830661243_n-300x200.jpg 300w, http:\/\/trail.camadeira.com\/wp-content\/uploads\/2021\/06\/199722254_4317965181571672_6667023881830661243_n-1024x683.jpg 1024w, http:\/\/trail.camadeira.com\/wp-content\/uploads\/2021\/06\/199722254_4317965181571672_6667023881830661243_n-768x512.jpg 768w, http:\/\/trail.camadeira.com\/wp-content\/uploads\/2021\/06\/199722254_4317965181571672_6667023881830661243_n-1536x1024.jpg 1536w, http:\/\/trail.camadeira.com\/wp-content\/uploads\/2021\/06\/199722254_4317965181571672_6667023881830661243_n-750x500.jpg 750w\" sizes=\"(max-width: 1869px) 100vw, 1869px\" \/><\/a><\/p>\n<p>O evento realizou-se no passado s\u00e1bado, 12 de junho, com provas Longa e Curta pontu\u00e1veis para o circuito Trail Madeira 2020\/2021.<\/p>\n<p>Jos\u00e9 Ribeiro, foi mais um atleta do Clube Aventura da Madeira a brilhar, vencendo o escal\u00e3o V55 e conseguindo a 23\u00ba posi\u00e7\u00e3o \u00e0 geral.<\/p>\n<p><a href=\"http:\/\/trail.camadeira.com\/wp-content\/uploads\/2021\/06\/200493903_10227086005199963_1875558641336979266_n-1.jpg\"><img loading=\"lazy\" class=\"aligncenter size-full wp-image-2715\" src=\"http:\/\/trail.camadeira.com\/wp-content\/uploads\/2021\/06\/200493903_10227086005199963_1875558641336979266_n-1.jpg\" alt=\"\" width=\"810\" height=\"540\" srcset=\"http:\/\/trail.camadeira.com\/wp-content\/uploads\/2021\/06\/200493903_10227086005199963_1875558641336979266_n-1.jpg 810w, http:\/\/trail.camadeira.com\/wp-content\/uploads\/2021\/06\/200493903_10227086005199963_1875558641336979266_n-1-300x200.jpg 300w, http:\/\/trail.camadeira.com\/wp-content\/uploads\/2021\/06\/200493903_10227086005199963_1875558641336979266_n-1-768x512.jpg 768w, http:\/\/trail.camadeira.com\/wp-content\/uploads\/2021\/06\/200493903_10227086005199963_1875558641336979266_n-1-750x500.jpg 750w\" sizes=\"(max-width: 810px) 100vw, 810px\" \/><\/a><\/p>\n<p>Na prova longa com 26km, participaram ainda mais dois atletas do clube, Norberto Ribeiro 36\u00ba \u00e0 geral e 10\u00ba no escal\u00e3o SEN e H\u00e9lder Correia 72\u00ba \u00e0 geral e 12\u00ba no escal\u00e3o SEN.<\/p>\n<p>Na prova Curta, Sid\u00f3nio Cabral concluiu os 11km na 92.\u00aa posi\u00e7\u00e3o da classifica\u00e7\u00e3o geral masculina e 5\u00ba posi\u00e7\u00e3o no escal\u00e3o V55.<\/p>\n","protected":false},"excerpt":{"rendered":"<p>O evento realizou-se no passado s\u00e1bado, 12 de junho, com provas Longa e Curta pontu\u00e1veis para o circuito Trail Madeira 2020\/2021. Jos\u00e9 Ribeiro, foi mais um atleta do Clube Aventura da Madeira a brilhar, vencendo o escal\u00e3o V55 e conseguindo a 23\u00ba posi\u00e7\u00e3o \u00e0 geral. Na prova longa com 26km, participaram ainda mais dois atletas &hellip; <\/p>\n<p><a class=\"more-link btn\" href=\"http:\/\/trail.camadeira.com\/?p=2710\">Continue a ler<\/a><\/p>\n","protected":false},"author":1,"featured_media":0,"comment_status":"closed","ping_status":"closed","sticky":false,"template":"","format":"standard","meta":[],"categories":[1],"tags":[],"_links":{"self":[{"href":"http:\/\/trail.camadeira.com\/index.php?rest_route=\/wp\/v2\/posts\/2710"}],"collection":[{"href":"http:\/\/trail.camadeira.com\/index.php?rest_route=\/wp\/v2\/posts"}],"about":[{"href":"http:\/\/trail.camadeira.com\/index.php?rest_route=\/wp\/v2\/types\/post"}],"author":[{"embeddable":true,"href":"http:\/\/trail.camadeira.com\/index.php?rest_route=\/wp\/v2\/users\/1"}],"replies":[{"embeddable":true,"href":"http:\/\/trail.camadeira.com\/index.php?rest_route=%2Fwp%2Fv2%2Fcomments&post=2710"}],"version-history":[{"count":3,"href":"http:\/\/trail.camadeira.com\/index.php?rest_route=\/wp\/v2\/posts\/2710\/revisions"}],"predecessor-version":[{"id":2716,"href":"http:\/\/trail.camadeira.com\/index.php?rest_route=\/wp\/v2\/posts\/2710\/revisions\/2716"}],"wp:attachment":[{"href":"http:\/\/trail.camadeira.com\/index.php?rest_route=%2Fwp%2Fv2%2Fmedia&parent=2710"}],"wp:term":[{"taxonomy":"category","embeddable":true,"href":"http:\/\/trail.camadeira.com\/index.php?rest_route=%2Fwp%2Fv2%2Fcategories&post=2710"},{"taxonomy":"post_tag","embeddable":true,"href":"http:\/\/trail.camadeira.com\/index.php?rest_route=%2Fwp%2Fv2%2Ftags&post=2710"}],"curies":[{"name":"wp","href":"https:\/\/api.w.org\/{rel}","templated":true}]}}