{"id":2703,"date":"2021-05-30T20:11:56","date_gmt":"2021-05-30T19:11:56","guid":{"rendered":"http:\/\/trail.camadeira.com\/?p=2703"},"modified":"2021-05-31T11:13:26","modified_gmt":"2021-05-31T10:13:26","slug":"filipe-ferreira-vence-trail-longo-do-porto-santo-nature-trail","status":"publish","type":"post","link":"http:\/\/trail.camadeira.com\/?p=2703","title":{"rendered":"Filipe Ferreira vence trail longo do Porto Santo Nature Trail"},"content":{"rendered":"\n<p><strong>Filipe Ferreira vence trail Longo do Porto Santo Nature Trail<\/strong><\/p>\n\n\n\n<figure class=\"wp-block-image size-large\"><a href=\"https:\/\/trail.camadeira.com\/wp-content\/uploads\/2021\/05\/IMG-20210530-WA0001.jpg\"><img loading=\"lazy\" width=\"960\" height=\"720\" src=\"https:\/\/trail.camadeira.com\/wp-content\/uploads\/2021\/05\/IMG-20210530-WA0001.jpg\" alt=\"\" class=\"wp-image-2705\" srcset=\"http:\/\/trail.camadeira.com\/wp-content\/uploads\/2021\/05\/IMG-20210530-WA0001.jpg 960w, http:\/\/trail.camadeira.com\/wp-content\/uploads\/2021\/05\/IMG-20210530-WA0001-300x225.jpg 300w, http:\/\/trail.camadeira.com\/wp-content\/uploads\/2021\/05\/IMG-20210530-WA0001-768x576.jpg 768w, http:\/\/trail.camadeira.com\/wp-content\/uploads\/2021\/05\/IMG-20210530-WA0001-750x563.jpg 750w\" sizes=\"(max-width: 960px) 100vw, 960px\" \/><\/a><\/figure>\n\n\n\n<p>Realizou-se no passado s\u00e1bado, o Porto Santo Nature Trail, evento com provas Ultra, Longa e Curta pontu\u00e1veis para o circuito Trail Madeira 2020\/2021.<\/p>\n\n\n\n<p>Filipe Ferreira a representar o Clube Aventura da Madeira venceu categoricamente a prova longa com 22km, concluindo o percurso com 2:09:50.<\/p>\n\n\n\n<p>Na prova de ultra dist\u00e2ncia com 45km, foram 4 os atletas do Clube Aventura da Madeira presentes \u00e0 partida. Nadia Meroni foi 12.\u00aa da classifica\u00e7\u00e3o geral e 2.\u00aa no escal\u00e3o V45, Rosalina Gouveia participou, mas n\u00e3o conseguiu concluir. Nos masculinos Jo\u00e3o Mendon\u00e7a foi 48.\u00ba com o tempo de 7:32:48 e Filipe Mota foi 54.\u00ba com o tempo de 8:19:44.<\/p>\n\n\n\n<p>Na prova Curta, D\u00e1rio Abreu concluiu os 8km em 1:00:20, que valeu a 38.\u00aa posi\u00e7\u00e3o da classifica\u00e7\u00e3o geral masculina.<\/p>\n","protected":false},"excerpt":{"rendered":"<p>Filipe Ferreira vence trail Longo do Porto Santo Nature Trail Realizou-se no passado s\u00e1bado, o Porto Santo Nature Trail, evento com provas Ultra, Longa e Curta pontu\u00e1veis para o circuito Trail Madeira 2020\/2021. Filipe Ferreira a representar o Clube Aventura da Madeira venceu categoricamente a prova longa com 22km, concluindo o percurso com 2:09:50. Na &hellip; <\/p>\n<p><a class=\"more-link btn\" href=\"http:\/\/trail.camadeira.com\/?p=2703\">Continue a ler<\/a><\/p>\n","protected":false},"author":1,"featured_media":0,"comment_status":"closed","ping_status":"closed","sticky":false,"template":"","format":"standard","meta":[],"categories":[1],"tags":[],"_links":{"self":[{"href":"http:\/\/trail.camadeira.com\/index.php?rest_route=\/wp\/v2\/posts\/2703"}],"collection":[{"href":"http:\/\/trail.camadeira.com\/index.php?rest_route=\/wp\/v2\/posts"}],"about":[{"href":"http:\/\/trail.camadeira.com\/index.php?rest_route=\/wp\/v2\/types\/post"}],"author":[{"embeddable":true,"href":"http:\/\/trail.camadeira.com\/index.php?rest_route=\/wp\/v2\/users\/1"}],"replies":[{"embeddable":true,"href":"http:\/\/trail.camadeira.com\/index.php?rest_route=%2Fwp%2Fv2%2Fcomments&post=2703"}],"version-history":[{"count":2,"href":"http:\/\/trail.camadeira.com\/index.php?rest_route=\/wp\/v2\/posts\/2703\/revisions"}],"predecessor-version":[{"id":2707,"href":"http:\/\/trail.camadeira.com\/index.php?rest_route=\/wp\/v2\/posts\/2703\/revisions\/2707"}],"wp:attachment":[{"href":"http:\/\/trail.camadeira.com\/index.php?rest_route=%2Fwp%2Fv2%2Fmedia&parent=2703"}],"wp:term":[{"taxonomy":"category","embeddable":true,"href":"http:\/\/trail.camadeira.com\/index.php?rest_route=%2Fwp%2Fv2%2Fcategories&post=2703"},{"taxonomy":"post_tag","embeddable":true,"href":"http:\/\/trail.camadeira.com\/index.php?rest_route=%2Fwp%2Fv2%2Ftags&post=2703"}],"curies":[{"name":"wp","href":"https:\/\/api.w.org\/{rel}","templated":true}]}}