{"id":269,"date":"2010-08-29T23:28:01","date_gmt":"2010-08-29T22:28:01","guid":{"rendered":"http:\/\/trail.camadeira.com\/?p=269"},"modified":"2010-08-29T23:28:01","modified_gmt":"2010-08-29T22:28:01","slug":"miguel-goncalves-na-8%c2%aa-edicao-do-utmb-2010","status":"publish","type":"post","link":"http:\/\/trail.camadeira.com\/?p=269","title":{"rendered":"Miguel Gon\u00e7alves na 8\u00aa edi\u00e7\u00e3o do UTMB 2010"},"content":{"rendered":"<p style=\"text-align: justify;\">O atleta do Clube Aventura da Madeira Miguel Gon\u00e7alves, no passado fim-de-semana fez a sua segunda tentativa para terminar a dura prova The North Face Ultra Trail du Mont Blanc (UTMB). Esta edi\u00e7\u00e3o foi marcada pelo mau tempo que se fez sentir no maci\u00e7o montanhoso naquela zona, que obrigou a organiza\u00e7\u00e3o a tomar a dif\u00edcil decis\u00e3o de anular parte do percurso do UTMB e cancelar tamb\u00e9m o percurso da TDS, tendo arranjando como alternativa a selec\u00e7\u00e3o de apenas 1000 atletas dos dois percursos para partir no segundo dia para um percurso praticamente semelhante ao do CCC. Aqui fica o relato do atleta :<\/p>\n<p style=\"text-align: center;\"><a href=\"http:\/\/trail.camadeira.com\/wp-content\/uploads\/2010\/08\/IMG_6618-c\u00f3pia.gif\"><img loading=\"lazy\" class=\"size-medium wp-image-277 aligncenter\" title=\"IMG_6618 c\u00f3pia\" src=\"http:\/\/trail.camadeira.com\/wp-content\/uploads\/2010\/08\/IMG_6618-c\u00f3pia-300x200.gif\" alt=\"\" width=\"300\" height=\"200\" srcset=\"http:\/\/trail.camadeira.com\/wp-content\/uploads\/2010\/08\/IMG_6618-c\u00f3pia-300x200.gif 300w, http:\/\/trail.camadeira.com\/wp-content\/uploads\/2010\/08\/IMG_6618-c\u00f3pia.gif 500w\" sizes=\"(max-width: 300px) 100vw, 300px\" \/><\/a><\/p>\n<p style=\"text-align: justify;\">\n<p style=\"text-align: justify;\">\n<p style=\"text-align: justify;\">\n<p style=\"text-align: justify;\">\n<p style=\"text-align: justify;\">\n<p style=\"text-align: justify;\">\n<p style=\"text-align: justify;\">\n<p style=\"text-align: justify;\">\n<p style=\"text-align: justify;\">\n<p style=\"text-align: justify;\">\n<p style=\"text-align: justify;\">\n<p style=\"text-align: justify;\">\n<p style=\"text-align: justify;\">\n<p style=\"text-align: justify;\">\n<p style=\"text-align: justify;\">\n<p style=\"text-align: justify;\">\n<p style=\"text-align: justify;\">\n<p style=\"text-align: justify;\">\n<p style=\"text-align: justify;\">\n<p style=\"text-align: justify;\">\n<p style=\"text-align: justify;\">\n<p style=\"text-align: justify;\">\n<p style=\"text-align: justify;\">&#8220;Dado que o ano passado n\u00e3o tive cabe\u00e7a para terminar esta prova senti-me na obriga\u00e7\u00e3o de tentar novamente e desta vez com sucesso. \u00c0 chegada a Chamonix a previs\u00e3o relativamente \u00e0s condi\u00e7\u00f5es meteorol\u00f3gicas n\u00e3o era animadora mas havia sempre a esperan\u00e7a de que n\u00e3o fosse nada al\u00e9m de uns chuviscos. No dia da prova a organiza\u00e7\u00e3o enviou uma mensagem a avisar que iria chover e fazer frio para ningu\u00e9m se esquecer de levar material adequado. O c\u00e9u estava encoberto por um manto cinzento e a chuva j\u00e1 tinha ca\u00eddo ao longo de toda a noite e manha.<\/p>\n<p style=\"text-align: justify;\">\u00c0s 18:30 teve inicio a prova no centro de Chamonix, a primeira etapa seria chegar a Les Houches onde iria ter a primeira de muitas subidas, a chuva apareceu com alguma intensidade e pensei para mim mesmo que se chovesse assim durante muito tempo muito poucos voltariam a Chamonix pelo seu pr\u00f3prio p\u00e9. Os primeiros\u00a0 km serviram para testar e ajustar todo o equipamento de maneira a n\u00e3o me incomodar \u00e0 medida que o cansa\u00e7o aumentasse. A subida de Les Houches at\u00e9 ao Col de Voza foi feita num ritmo moderado muito por causa da ainda grande concentra\u00e7ao de atletas que dificultava a progress\u00e3o, depois de atingir o topo meti o frontal e comecei a descer j\u00e1 mais rapidamente e sentia-me muito bem, nem o terreno muito escorregadio me faziam abrandar o passo e ainda ultrapassei muita gente at\u00e9 St Gervais.<\/p>\n<p style=\"text-align: justify;\">Nesse\u00a0 &#8220;checkpoint&#8221; achei muito estranho estar muita gente, poucos segundos depois percebi porque, ouvi o speaker dizer que a prova tinha sido anulada devido ao mau tempo que ir\u00edamos encontrar mais \u00e0 frente no Col do Bonhomme. Para dizer a verdade n\u00e3o fiquei muito triste porque naquelas condi\u00e7\u00f5es iria ser um verdadeiro massacre. L\u00e1 fomos encaminhados para um comboio e mais tarde para um autocarro que nos iria levar de volta a Chamonix. Depois durante essa noite a organiza\u00e7\u00e3o enviou uma mensagem para todos os atletas a informar que a prova iria prosseguir mas a partir de Courmayeur, ou seja seria efectuada apenas metade do percurso original. Essa mensagem como enviaram \u00e1s 3 da manha s\u00f3 a vi de manh\u00e3 impossibilitando-me de retomar a prova. Como se diz l\u00e1 em Fran\u00e7a &#8220;c&#8217;est la vie&#8221;, fica a promessa de voltar um dia para tentar novamente, mas n\u00e3o ser\u00e1 t\u00e3o cedo.&#8221;<\/p>\n<p style=\"text-align: justify;\">\n","protected":false},"excerpt":{"rendered":"<p>O atleta do Clube Aventura da Madeira Miguel Gon\u00e7alves, no passado fim-de-semana fez a sua segunda tentativa para terminar a dura prova The North Face Ultra Trail du Mont Blanc (UTMB). Esta edi\u00e7\u00e3o foi marcada pelo mau tempo que se fez sentir no maci\u00e7o montanhoso naquela zona, que obrigou a organiza\u00e7\u00e3o a tomar a dif\u00edcil &hellip; <\/p>\n<p><a class=\"more-link btn\" href=\"http:\/\/trail.camadeira.com\/?p=269\">Continue a ler<\/a><\/p>\n","protected":false},"author":1,"featured_media":0,"comment_status":"open","ping_status":"open","sticky":false,"template":"","format":"standard","meta":[],"categories":[1],"tags":[],"_links":{"self":[{"href":"http:\/\/trail.camadeira.com\/index.php?rest_route=\/wp\/v2\/posts\/269"}],"collection":[{"href":"http:\/\/trail.camadeira.com\/index.php?rest_route=\/wp\/v2\/posts"}],"about":[{"href":"http:\/\/trail.camadeira.com\/index.php?rest_route=\/wp\/v2\/types\/post"}],"author":[{"embeddable":true,"href":"http:\/\/trail.camadeira.com\/index.php?rest_route=\/wp\/v2\/users\/1"}],"replies":[{"embeddable":true,"href":"http:\/\/trail.camadeira.com\/index.php?rest_route=%2Fwp%2Fv2%2Fcomments&post=269"}],"version-history":[{"count":1,"href":"http:\/\/trail.camadeira.com\/index.php?rest_route=\/wp\/v2\/posts\/269\/revisions"}],"predecessor-version":[{"id":278,"href":"http:\/\/trail.camadeira.com\/index.php?rest_route=\/wp\/v2\/posts\/269\/revisions\/278"}],"wp:attachment":[{"href":"http:\/\/trail.camadeira.com\/index.php?rest_route=%2Fwp%2Fv2%2Fmedia&parent=269"}],"wp:term":[{"taxonomy":"category","embeddable":true,"href":"http:\/\/trail.camadeira.com\/index.php?rest_route=%2Fwp%2Fv2%2Fcategories&post=269"},{"taxonomy":"post_tag","embeddable":true,"href":"http:\/\/trail.camadeira.com\/index.php?rest_route=%2Fwp%2Fv2%2Ftags&post=269"}],"curies":[{"name":"wp","href":"https:\/\/api.w.org\/{rel}","templated":true}]}}