{"id":2685,"date":"2021-05-16T17:50:07","date_gmt":"2021-05-16T16:50:07","guid":{"rendered":"https:\/\/trail.camadeira.com\/?p=2685"},"modified":"2021-05-30T20:03:19","modified_gmt":"2021-05-30T19:03:19","slug":"ricardo-gouveia-e-maria-joao-abreu-vencem-trail-da-ribeira-brava-21km","status":"publish","type":"post","link":"http:\/\/trail.camadeira.com\/?p=2685","title":{"rendered":"Ricardo Gouveia e Maria Jo\u00e3o Abreu vencem Trail da Ribeira Brava 21KM"},"content":{"rendered":"<p><strong>Ricardo Gouveia e Maria Jo\u00e3o Abreu vencem Trail da Ribeira Brava 21KM<\/strong><\/p>\n<p><strong>Nelson Afonso e S\u00f3nia Quelhas os primeiros no Mini Trail 11km<\/strong><\/p>\n<p><strong>\u00a0<\/strong>A Freguesia da Serra de \u00c1gua recebeu a primeira prova de retoma da competi\u00e7\u00e3o do Trail Running, com duas dist\u00e2ncias competitivas, o Trail Longo com 21km e o Trail Curto com 11,5km, numa organiza\u00e7\u00e3o do Clube Aventura da Madeira que reuniu cerca de duas centenas de atletas.<\/p>\n<p>A prova longa partiu \u00e0s 8h30, ainda com o tempo fresco, mas ao longo da prova o tempo quente foi um dos obst\u00e1culos de ambas as provas, que no seu conjunto percorreram diversos s\u00edtios da freguesia, entre a Ameixieira, Curral Jang\u00e3o, Encumeada, Achada dos Apar\u00edcios, Moleiro, Faj\u00e3 dos Vinh\u00e1ticos e Faj\u00e3 das \u00c9guas.<\/p>\n<p>Ricardo Gouveia (CDC Porto Moniz) foi o grande vencedor da prova longa, dominando de princ\u00edpio a fim, concluindo os 21km em 1:48:10. Na segunda posi\u00e7\u00e3o classificou-se Francisco Freitas (ACD Jardim da Serra) com 1:54:14 e a terceira posi\u00e7\u00e3o da classifica\u00e7\u00e3o geral foi para \u00c9nio Castro (CDC Porto Moniz) com 2:01:26. Nos femininos, Maria Jo\u00e3o Abreu (CDC Porto Moniz), com 2:30:31, destacou-se, ganhando cerca de 10 minutos de vantagem para a segunda classificada, S\u00f3nia Silva (AG Galomar), que terminou 2:40:03. Na terceira posi\u00e7\u00e3o classificou-se Isabel Gon\u00e7alves\u00a0 (CMoFunchal) com o tempo de 2:43:27.<\/p>\n<p><a href=\"http:\/\/trail.camadeira.com\/wp-content\/uploads\/2021\/05\/Ricardo-Gouveia.jpg\"><img loading=\"lazy\" class=\"aligncenter  wp-image-2686\" src=\"http:\/\/trail.camadeira.com\/wp-content\/uploads\/2021\/05\/Ricardo-Gouveia.jpg\" alt=\"\" width=\"772\" height=\"1069\" srcset=\"http:\/\/trail.camadeira.com\/wp-content\/uploads\/2021\/05\/Ricardo-Gouveia.jpg 1733w, http:\/\/trail.camadeira.com\/wp-content\/uploads\/2021\/05\/Ricardo-Gouveia-217x300.jpg 217w, http:\/\/trail.camadeira.com\/wp-content\/uploads\/2021\/05\/Ricardo-Gouveia-739x1024.jpg 739w, http:\/\/trail.camadeira.com\/wp-content\/uploads\/2021\/05\/Ricardo-Gouveia-768x1064.jpg 768w, http:\/\/trail.camadeira.com\/wp-content\/uploads\/2021\/05\/Ricardo-Gouveia-1109x1536.jpg 1109w, http:\/\/trail.camadeira.com\/wp-content\/uploads\/2021\/05\/Ricardo-Gouveia-1479x2048.jpg 1479w, http:\/\/trail.camadeira.com\/wp-content\/uploads\/2021\/05\/Ricardo-Gouveia-750x1039.jpg 750w\" sizes=\"(max-width: 772px) 100vw, 772px\" \/><\/a><a href=\"http:\/\/trail.camadeira.com\/wp-content\/uploads\/2021\/05\/1.a-TRB-21KM-Maria-Joao-Abreu-scaled.jpg\"><img loading=\"lazy\" class=\"aligncenter size-full wp-image-2687\" src=\"http:\/\/trail.camadeira.com\/wp-content\/uploads\/2021\/05\/1.a-TRB-21KM-Maria-Joao-Abreu-scaled.jpg\" alt=\"\" width=\"2560\" height=\"2196\" srcset=\"http:\/\/trail.camadeira.com\/wp-content\/uploads\/2021\/05\/1.a-TRB-21KM-Maria-Joao-Abreu-scaled.jpg 2560w, http:\/\/trail.camadeira.com\/wp-content\/uploads\/2021\/05\/1.a-TRB-21KM-Maria-Joao-Abreu-300x257.jpg 300w, http:\/\/trail.camadeira.com\/wp-content\/uploads\/2021\/05\/1.a-TRB-21KM-Maria-Joao-Abreu-1024x878.jpg 1024w, http:\/\/trail.camadeira.com\/wp-content\/uploads\/2021\/05\/1.a-TRB-21KM-Maria-Joao-Abreu-768x659.jpg 768w, http:\/\/trail.camadeira.com\/wp-content\/uploads\/2021\/05\/1.a-TRB-21KM-Maria-Joao-Abreu-1536x1318.jpg 1536w, http:\/\/trail.camadeira.com\/wp-content\/uploads\/2021\/05\/1.a-TRB-21KM-Maria-Joao-Abreu-2048x1757.jpg 2048w, http:\/\/trail.camadeira.com\/wp-content\/uploads\/2021\/05\/1.a-TRB-21KM-Maria-Joao-Abreu-750x643.jpg 750w\" sizes=\"(max-width: 2560px) 100vw, 2560px\" \/><\/a><\/p>\n<p>O Trail Curto foi muito disputado no sector masculino, com Nelson Afonso (CD Curral das Freiras) a se destacar, vencendo com tempo 1:04:07., na segunda posi\u00e7\u00e3o Miguel Ferreira (CD Escola de Santana) e na terceira posi\u00e7\u00e3o Paulo Aguiar (C Escola do Estreito). Nos femininos S\u00f3nia Quelhas (Clube Naval de S\u00e3o Vicente) foi a primeira com 1:21:00, Anna Afonso foi segunda e Ana Lu\u00edsa Roda terceira.<\/p>\n<p><a href=\"http:\/\/trail.camadeira.com\/wp-content\/uploads\/2021\/05\/1a-MTRB-115KM-Sonia-Quelhas-net.jpg\"><img loading=\"lazy\" class=\"aligncenter size-full wp-image-2688\" src=\"http:\/\/trail.camadeira.com\/wp-content\/uploads\/2021\/05\/1a-MTRB-115KM-Sonia-Quelhas-net.jpg\" alt=\"\" width=\"941\" height=\"736\" srcset=\"http:\/\/trail.camadeira.com\/wp-content\/uploads\/2021\/05\/1a-MTRB-115KM-Sonia-Quelhas-net.jpg 941w, http:\/\/trail.camadeira.com\/wp-content\/uploads\/2021\/05\/1a-MTRB-115KM-Sonia-Quelhas-net-300x235.jpg 300w, http:\/\/trail.camadeira.com\/wp-content\/uploads\/2021\/05\/1a-MTRB-115KM-Sonia-Quelhas-net-768x601.jpg 768w, http:\/\/trail.camadeira.com\/wp-content\/uploads\/2021\/05\/1a-MTRB-115KM-Sonia-Quelhas-net-750x587.jpg 750w\" sizes=\"(max-width: 941px) 100vw, 941px\" \/><\/a><\/p>\n<p><strong> <a href=\"http:\/\/trail.camadeira.com\/wp-content\/uploads\/2021\/05\/1.o-MTRB-115KM-net.jpg\"><img loading=\"lazy\" class=\"aligncenter size-full wp-image-2689\" src=\"http:\/\/trail.camadeira.com\/wp-content\/uploads\/2021\/05\/1.o-MTRB-115KM-net.jpg\" alt=\"\" width=\"1800\" height=\"1200\" srcset=\"http:\/\/trail.camadeira.com\/wp-content\/uploads\/2021\/05\/1.o-MTRB-115KM-net.jpg 1800w, http:\/\/trail.camadeira.com\/wp-content\/uploads\/2021\/05\/1.o-MTRB-115KM-net-300x200.jpg 300w, http:\/\/trail.camadeira.com\/wp-content\/uploads\/2021\/05\/1.o-MTRB-115KM-net-1024x683.jpg 1024w, http:\/\/trail.camadeira.com\/wp-content\/uploads\/2021\/05\/1.o-MTRB-115KM-net-768x512.jpg 768w, http:\/\/trail.camadeira.com\/wp-content\/uploads\/2021\/05\/1.o-MTRB-115KM-net-1536x1024.jpg 1536w, http:\/\/trail.camadeira.com\/wp-content\/uploads\/2021\/05\/1.o-MTRB-115KM-net-750x500.jpg 750w\" sizes=\"(max-width: 1800px) 100vw, 1800px\" \/><\/a><\/strong><\/p>\n<p><strong>Vencedores Classifica\u00e7\u00e3o Geral<\/strong><\/p>\n<p><strong>Masculinos TRB 21KM 1000M D+<\/strong><\/p>\n<p>1\u00ba Ricardo H. Gouveia POR V 35 CDCPM 1:48:10<\/p>\n<p>2\u00ba Francisco Freitas POR V 40 AJS 1:54:14<\/p>\n<p>3\u00ba \u00c9nio Castro POR S\u00e9nior CDCPM 2:01:26<\/p>\n<p><strong>Femininos TRB 21KM 1000M D+<\/strong><\/p>\n<p>1\u00aa Maria Jo\u00e3o Abreu POR V 45 CDCPM 2:30:31<\/p>\n<p>2\u00aa S\u00f3nia da Silva POR S\u00e9nior ADG 2:40:03<\/p>\n<p>3\u00aa Isabel Gon\u00e7alves POR V 40 CMOF 2:43:27<\/p>\n<p><strong>Masculinos Mini TRB 11,5km<\/strong><\/p>\n<p>1\u00ba N\u00e9lson Afonso POR S\u00e9nior CDCF-M 1:04:07<\/p>\n<p>2\u00ba Miguel Ferreira POR V 40 CDES 1:06:24<\/p>\n<p>3\u00ba Paulo Aguiar POR V 40 CEE-M 1:07:16<\/p>\n<p><strong>Femininos Mini TRB 11,5km <\/strong><\/p>\n<p>1\u00aa S\u00f3nia Quelhas POR V 45 CNSV 1:21:00<\/p>\n<p>2\u00aa Anna Afonso POR V 45 GRCC 1:27:18<\/p>\n<p>3\u00aa Ana Lu\u00edsa Roda POR S\u00e9nior CNSV 1:33:46<\/p>\n<p>Na classifica\u00e7\u00e3o coletiva, destaque para o Clube Desportivo e Cultural do Porto Moniz que venceu nas equipas masculinas da prova longa 21km, n\u00e3o existindo equipas femininas com tr\u00eas elementos, \u00e0 chegada, nesta dist\u00e2ncia. Na prova de Trail Curto, primeiro lugar para o Clube Desportivo Escola de Santana nos masculinos e para o Clube Naval de S\u00e3o Vicente nos femininos.<\/p>\n<p><strong>Resultados Coletivos<\/strong><\/p>\n<p>Trail Longo 21km<\/p>\n<p>1\u00ba CDCPM Clube Desportivo e Cultural do Porto Moniz 6:06:07<\/p>\n<p>2\u00ba ADRAP Associa\u00e7\u00e3o Desportiva e Recreativa de \u00c1gua de Pena 6:26:51<\/p>\n<p>3\u00ba CDES Clube Desportivo Escola Santana 6:32:22<\/p>\n<p><strong>Trail Curto 11,5Km<\/strong><\/p>\n<p>Masculinos<\/p>\n<p>1\u00ba CDES Clube Desportivo Escola Santana 3:39:14<\/p>\n<p>2\u00ba CDCPM Clube Desportivo e Cultural do Porto Moniz 3:43:55<\/p>\n<p>3\u00ba CDCF-M Clube Desportivo Curral das Freiras 3:45:54<\/p>\n<p>Femininos<\/p>\n<p>1\u00ba CNSV Clube Naval de S\u00e3o Vicente 4:47:59<\/p>\n<p>2\u00ba CDCPM Clube Desportivo e Cultural do Porto Moniz 5:23:03<\/p>\n<p>3\u00ba CDES Clube Desportivo Escola Santana 5:53:40<\/p>\n<p><strong><a href=\"https:\/\/trail.camadeira.com\/?p=2671\">RESULTADOS<\/a><\/strong><\/p>\n<p>A organiza\u00e7\u00e3o do Clube Aventura da Madeira foi preparada em tr\u00eas semanas, logo ap\u00f3s o an\u00fancio da retoma da competi\u00e7\u00e3o e num contexto de pandemia da doen\u00e7a COVID-19, o que implicou diversas altera\u00e7\u00f5es no funcionamento da prova fruto das regras sanit\u00e1rias em vigor, e algumas incertezas para ultrapassar todo o processo de organiza\u00e7\u00e3o, que contou com o apoio da Junta de Freguesia da Serra de \u00c1gua e da C\u00e2mara Municipal da Ribeira Brava, al\u00e9m dos parceiros institucionais Dire\u00e7\u00e3o Regional de Desporto e Instituto de Florestas e conserva\u00e7\u00e3o da Natureza.<\/p>\n","protected":false},"excerpt":{"rendered":"<p>Ricardo Gouveia e Maria Jo\u00e3o Abreu vencem Trail da Ribeira Brava 21KM Nelson Afonso e S\u00f3nia Quelhas os primeiros no Mini Trail 11km \u00a0A Freguesia da Serra de \u00c1gua recebeu a primeira prova de retoma da competi\u00e7\u00e3o do Trail Running, com duas dist\u00e2ncias competitivas, o Trail Longo com 21km e o Trail Curto com 11,5km, &hellip; <\/p>\n<p><a class=\"more-link btn\" href=\"http:\/\/trail.camadeira.com\/?p=2685\">Continue a ler<\/a><\/p>\n","protected":false},"author":1,"featured_media":0,"comment_status":"closed","ping_status":"closed","sticky":false,"template":"","format":"standard","meta":[],"categories":[1],"tags":[],"_links":{"self":[{"href":"http:\/\/trail.camadeira.com\/index.php?rest_route=\/wp\/v2\/posts\/2685"}],"collection":[{"href":"http:\/\/trail.camadeira.com\/index.php?rest_route=\/wp\/v2\/posts"}],"about":[{"href":"http:\/\/trail.camadeira.com\/index.php?rest_route=\/wp\/v2\/types\/post"}],"author":[{"embeddable":true,"href":"http:\/\/trail.camadeira.com\/index.php?rest_route=\/wp\/v2\/users\/1"}],"replies":[{"embeddable":true,"href":"http:\/\/trail.camadeira.com\/index.php?rest_route=%2Fwp%2Fv2%2Fcomments&post=2685"}],"version-history":[{"count":7,"href":"http:\/\/trail.camadeira.com\/index.php?rest_route=\/wp\/v2\/posts\/2685\/revisions"}],"predecessor-version":[{"id":2702,"href":"http:\/\/trail.camadeira.com\/index.php?rest_route=\/wp\/v2\/posts\/2685\/revisions\/2702"}],"wp:attachment":[{"href":"http:\/\/trail.camadeira.com\/index.php?rest_route=%2Fwp%2Fv2%2Fmedia&parent=2685"}],"wp:term":[{"taxonomy":"category","embeddable":true,"href":"http:\/\/trail.camadeira.com\/index.php?rest_route=%2Fwp%2Fv2%2Fcategories&post=2685"},{"taxonomy":"post_tag","embeddable":true,"href":"http:\/\/trail.camadeira.com\/index.php?rest_route=%2Fwp%2Fv2%2Ftags&post=2685"}],"curies":[{"name":"wp","href":"https:\/\/api.w.org\/{rel}","templated":true}]}}