{"id":2646,"date":"2021-05-13T12:00:00","date_gmt":"2021-05-13T11:00:00","guid":{"rendered":"http:\/\/trail.camadeira.com\/?p=2646"},"modified":"2021-05-13T17:42:55","modified_gmt":"2021-05-13T16:42:55","slug":"apresentacao-do-trail-da-ribeira-brava","status":"publish","type":"post","link":"http:\/\/trail.camadeira.com\/?p=2646","title":{"rendered":"Apresenta\u00e7\u00e3o do Trail da Ribeira Brava"},"content":{"rendered":"\n<p>Decorreu esta manh\u00e3, pelas 10h, a apresenta\u00e7\u00e3o do Trail da Ribeira Brava com a presen\u00e7a das Entidades locais e desportivas, numa iniciativa que teve lugar no Sal\u00e3o Nobre da C\u00e2mara Municipal da Ribeira Brava.<\/p>\n\n\n\n<p>O Clube Aventura da Madeira agradece o apoio de todas as entidades  que colaboram na organiza\u00e7\u00e3o, em particular \u00e0 C\u00e2mara Municipal da Ribeira Brava, Junta de Freguesia da Serra de \u00c1gua, Direc\u00e7\u00e3o Regional de Desporto, Associa\u00e7\u00e3o de Atletismo da Regi\u00e3o Aut\u00f3noma da Madeira, Instituto de Florestas e Conserva\u00e7\u00e3o da Natureza, Innovation Fitness Club e Associa\u00e7\u00e3o Humanit\u00e1ria Bombeiros da Ribeira Brava e Ponta do Sol.<\/p>\n\n\n\n<figure class=\"wp-block-image size-large\"><a href=\"http:\/\/trail.camadeira.com\/wp-content\/uploads\/2021\/05\/apresentacao-2.jpg\"><img loading=\"lazy\" width=\"1024\" height=\"663\" src=\"http:\/\/trail.camadeira.com\/wp-content\/uploads\/2021\/05\/apresentacao-2-1024x663.jpg\" alt=\"\" class=\"wp-image-2647\" srcset=\"http:\/\/trail.camadeira.com\/wp-content\/uploads\/2021\/05\/apresentacao-2-1024x663.jpg 1024w, http:\/\/trail.camadeira.com\/wp-content\/uploads\/2021\/05\/apresentacao-2-300x194.jpg 300w, http:\/\/trail.camadeira.com\/wp-content\/uploads\/2021\/05\/apresentacao-2-768x498.jpg 768w, http:\/\/trail.camadeira.com\/wp-content\/uploads\/2021\/05\/apresentacao-2-750x486.jpg 750w, http:\/\/trail.camadeira.com\/wp-content\/uploads\/2021\/05\/apresentacao-2.jpg 1417w\" sizes=\"(max-width: 1024px) 100vw, 1024px\" \/><\/a><\/figure>\n","protected":false},"excerpt":{"rendered":"<p>Decorreu esta manh\u00e3, pelas 10h, a apresenta\u00e7\u00e3o do Trail da Ribeira Brava com a presen\u00e7a das Entidades locais e desportivas, numa iniciativa que teve lugar no Sal\u00e3o Nobre da C\u00e2mara Municipal da Ribeira Brava. O Clube Aventura da Madeira agradece o apoio de todas as entidades que colaboram na organiza\u00e7\u00e3o, em particular \u00e0 C\u00e2mara Municipal &hellip; <\/p>\n<p><a class=\"more-link btn\" href=\"http:\/\/trail.camadeira.com\/?p=2646\">Continue a ler<\/a><\/p>\n","protected":false},"author":1,"featured_media":0,"comment_status":"closed","ping_status":"closed","sticky":false,"template":"","format":"standard","meta":[],"categories":[1],"tags":[],"_links":{"self":[{"href":"http:\/\/trail.camadeira.com\/index.php?rest_route=\/wp\/v2\/posts\/2646"}],"collection":[{"href":"http:\/\/trail.camadeira.com\/index.php?rest_route=\/wp\/v2\/posts"}],"about":[{"href":"http:\/\/trail.camadeira.com\/index.php?rest_route=\/wp\/v2\/types\/post"}],"author":[{"embeddable":true,"href":"http:\/\/trail.camadeira.com\/index.php?rest_route=\/wp\/v2\/users\/1"}],"replies":[{"embeddable":true,"href":"http:\/\/trail.camadeira.com\/index.php?rest_route=%2Fwp%2Fv2%2Fcomments&post=2646"}],"version-history":[{"count":1,"href":"http:\/\/trail.camadeira.com\/index.php?rest_route=\/wp\/v2\/posts\/2646\/revisions"}],"predecessor-version":[{"id":2648,"href":"http:\/\/trail.camadeira.com\/index.php?rest_route=\/wp\/v2\/posts\/2646\/revisions\/2648"}],"wp:attachment":[{"href":"http:\/\/trail.camadeira.com\/index.php?rest_route=%2Fwp%2Fv2%2Fmedia&parent=2646"}],"wp:term":[{"taxonomy":"category","embeddable":true,"href":"http:\/\/trail.camadeira.com\/index.php?rest_route=%2Fwp%2Fv2%2Fcategories&post=2646"},{"taxonomy":"post_tag","embeddable":true,"href":"http:\/\/trail.camadeira.com\/index.php?rest_route=%2Fwp%2Fv2%2Ftags&post=2646"}],"curies":[{"name":"wp","href":"https:\/\/api.w.org\/{rel}","templated":true}]}}